{"id":2522,"date":"2025-04-23T07:48:00","date_gmt":"2025-04-23T07:48:00","guid":{"rendered":"https:\/\/essai-armes.fr\/?p=2522"},"modified":"2025-04-23T07:48:00","modified_gmt":"2025-04-23T07:48:00","slug":"je-nai-pas-tire-pendant-an-voici-que-jai-compris-revenant-stand","status":"publish","type":"post","link":"https:\/\/essai-armes.fr\/it\/je-nai-pas-tire-pendant-an-voici-que-jai-compris-revenant-stand\/","title":{"rendered":"Je n\u2019ai pas tir\u00e9 pendant un an. Voici ce que j\u2019ai compris en revenant au stand"},"content":{"rendered":"<p>J&rsquo;ai toujours dit qu&rsquo;avec une arme, c&rsquo;est comme avec le v\u00e9lo : \u00e7a ne s&rsquo;oublie pas vraiment, mais la pratique, elle, se perd vite. L&rsquo;an dernier, mon vieux dos m&rsquo;a jou\u00e9 des tours, et j&rsquo;ai d\u00fb raccrocher temporairement ma passion. Douze mois sans presser une d\u00e9tente. Une \u00e9ternit\u00e9 pour quelqu&rsquo;un comme moi qui, depuis l&rsquo;\u00e2ge de 14 ans, n&rsquo;avait jamais laiss\u00e9 passer plus de trois semaines sans aligner une cible.<\/p>\n<h2>Le retour au stand: sensations retrouv\u00e9es et perdues<\/h2>\n<p>Premier jour de retour au stand. L&rsquo;odeur de poudre, ce m\u00e9lange unique de m\u00e9tal chaud et de cordite qui me ram\u00e8ne instantan\u00e9ment 40 ans en arri\u00e8re, quand mon p\u00e8re m&#8217;emmenait tirer pour la premi\u00e8re fois. Certaines sensations ne vous quittent jamais. <strong>Le poids familier de l&rsquo;arme dans la main<\/strong>, ce prolongement naturel du corps pour celui qui pratique depuis des d\u00e9cennies.<\/p>\n<p>Mais ne nous mentons pas. Mon premier groupement ressemblait plus \u00e0 une constellation qu&rsquo;\u00e0 une cible proprement travaill\u00e9e. <em>La pr\u00e9cision que j&rsquo;avais mis des ann\u00e9es \u00e0 construire s&rsquo;\u00e9tait \u00e9vanouie comme neige au soleil<\/em>. Humiliant? Un peu. Instructif? Totalement.<\/p>\n<p>La m\u00e9moire musculaire avait faibli. Je me suis surpris \u00e0 forcer sur ma prise, serrant l&rsquo;arme comme si je craignais qu&rsquo;elle s&rsquo;\u00e9chappe. Erreur de d\u00e9butant. Comme me disait mon grand-p\u00e8re: \u00ab\u00a0Une arme, \u00e7a se tient comme un oiseau &#8211; assez fermement pour l&#8217;emp\u00eacher de s&rsquo;envoler, mais pas au point de l&rsquo;\u00e9craser.\u00a0\u00bb<\/p>\n<p>Le plus frappant fut ma respiration. Compl\u00e8tement d\u00e9synchronis\u00e9e. Je reprenais mon souffle au mauvais moment, juste avant de presser la d\u00e9tente. <strong>Cette ann\u00e9e d&rsquo;absence avait effac\u00e9 les automatismes les plus fondamentaux<\/strong>.<\/p>\n<h2>Quatre le\u00e7ons essentielles apprises lors de ma reprise<\/h2>\n<p>Cette exp\u00e9rience m&rsquo;a enseign\u00e9 plusieurs choses que je partage volontiers avec tous ceux qui reprennent apr\u00e8s une longue pause:<\/p>\n<ol>\n<li><strong>La patience devient votre meilleure alli\u00e9e<\/strong> &#8211; J&rsquo;ai d\u00fb r\u00e9apprendre \u00e0 ne pas m&rsquo;\u00e9nerver contre moi-m\u00eame. La pr\u00e9cision revient, mais elle demande du temps.<\/li>\n<li><strong>La technique avant la vitesse<\/strong> &#8211; J&rsquo;ai ralenti consid\u00e9rablement mes sessions, pr\u00e9f\u00e9rant cinq tirs parfaitement ex\u00e9cut\u00e9s \u00e0 vingt tirs b\u00e2cl\u00e9s.<\/li>\n<li><strong>L&rsquo;importance des fondamentaux<\/strong> &#8211; Position, respiration, pression sur la d\u00e9tente&#8230; ces bases que l&rsquo;on croit acquises m\u00e9ritent d&rsquo;\u00eatre revisit\u00e9es r\u00e9guli\u00e8rement.<\/li>\n<li><strong>L&rsquo;humilit\u00e9 comme moteur de progression<\/strong> &#8211; Accepter que l&rsquo;on r\u00e9gresse temporairement est la condition pour avancer \u00e0 nouveau.<\/li>\n<\/ol>\n<p>J&rsquo;ai rencontr\u00e9 un ancien militaire lors de ma reprise qui m&rsquo;a confi\u00e9: \u00ab\u00a0Si tu ne tires pas pendant un mois, tu le remarques. Si tu ne tires pas pendant six mois, tes amis le remarquent. Si tu ne tires pas pendant un an, tout le monde le remarque.\u00a0\u00bb Une v\u00e9rit\u00e9 que j&rsquo;ai pu v\u00e9rifier par moi-m\u00eame!<\/p>\n<p><img decoding=\"async\" src=\"https:\/\/essai-armes.fr\/wp-content\/uploads\/2025\/04\/lecons_de_reprise_du_tir_5309.jpg\" alt=\"Je n\u2019ai pas tir\u00e9 pendant un an. Voici ce que j\u2019ai compris en revenant au stand\"><\/p>\n<h2>Les aspects physiques souvent n\u00e9glig\u00e9s<\/h2>\n<p>Ce qui m&rsquo;a le plus surpris? L&rsquo;aspect physique de la reprise. <em>Mes avant-bras br\u00fblaient apr\u00e8s seulement vingt minutes de tir au pistolet<\/em>. Vous ne r\u00e9alisez pas \u00e0 quel point le tir sollicite des muscles sp\u00e9cifiques jusqu&rsquo;\u00e0 ce que vous les ayez laiss\u00e9s s&rsquo;atrophier pendant un an.<\/p>\n<p>La fatigue oculaire aussi. Passer des heures \u00e0 focaliser sur des cibles lointaines, c&rsquo;est un v\u00e9ritable sport pour vos yeux. Cette capacit\u00e9 d\u00e9cline rapidement sans pratique r\u00e9guli\u00e8re.<\/p>\n<p>Voici un tableau des sensations physiques que j&rsquo;ai not\u00e9es lors de ma reprise:<\/p>\n<table>\n<tr>\n<th>Zone du corps<\/th>\n<th>Sensation apr\u00e8s reprise<\/th>\n<th>Temps de r\u00e9cup\u00e9ration<\/th>\n<\/tr>\n<tr>\n<td>Avant-bras<\/td>\n<td>Fatigue intense, tremblements<\/td>\n<td>3-4 semaines<\/td>\n<\/tr>\n<tr>\n<td>\u00c9paules<\/td>\n<td>Tension, raideur<\/td>\n<td>2 semaines<\/td>\n<\/tr>\n<tr>\n<td>Yeux<\/td>\n<td>Fatigue, difficult\u00e9 \u00e0 maintenir la mise au point<\/td>\n<td>1 mois environ<\/td>\n<\/tr>\n<tr>\n<td>Doigts<\/td>\n<td>Sensibilit\u00e9 diminu\u00e9e pour la d\u00e9tente<\/td>\n<td>2-3 sessions<\/td>\n<\/tr>\n<\/table>\n<h2>Le b\u00e9n\u00e9fice inattendu d&rsquo;une longue pause<\/h2>\n<p>Paradoxalement, cette ann\u00e9e sans tirer m&rsquo;a offert un cadeau pr\u00e9cieux: un regard neuf. <strong>J&rsquo;aborde d\u00e9sormais chaque session avec la curiosit\u00e9 d&rsquo;un d\u00e9butant coupl\u00e9e \u00e0 l&rsquo;exp\u00e9rience d&rsquo;un v\u00e9t\u00e9ran<\/strong>. Cette combinaison s&rsquo;av\u00e8re puissante.<\/p>\n<p>J&rsquo;ai r\u00e9alis\u00e9 que certaines mauvaises habitudes, accumul\u00e9es au fil des d\u00e9cennies, avaient disparu avec cette pause forc\u00e9e. Sans m&rsquo;en rendre compte, j&rsquo;avais d\u00e9velopp\u00e9 une tendance \u00e0 anticiper le recul, ce qui nuisait \u00e0 ma pr\u00e9cision sur les cibles distantes.<\/p>\n<p>Le plus remarquable reste cette red\u00e9couverte du plaisir simple de tirer. Quand vous pratiquez sans interruption pendant des ann\u00e9es, la routine s&rsquo;installe parfois. Aujourd&rsquo;hui, chaque session est \u00e0 nouveau un moment privil\u00e9gi\u00e9, <em>comme ce premier jour o\u00f9 mon p\u00e8re m&rsquo;avait emmen\u00e9 au stand avec son vieux .22<\/em>.<\/p>\n<p>Si vous devez vous \u00e9loigner du stand pour quelque raison que ce soit, ne voyez pas cela uniquement comme une r\u00e9gression. Consid\u00e9rez plut\u00f4t ce futur retour comme une opportunit\u00e9 de red\u00e9couvrir votre passion sous un angle diff\u00e9rent. Les fondamentaux reviendront, peut-\u00eatre m\u00eame plus solides qu&rsquo;avant.<\/p>","protected":false},"excerpt":{"rendered":"<p>J&rsquo;ai toujours dit qu&rsquo;avec une arme, c&rsquo;est comme avec le v\u00e9lo : \u00e7a ne s&rsquo;oublie pas vraiment, mais la pratique, elle, se perd vite. L&rsquo;an dernier, mon vieux dos m&rsquo;a jou\u00e9 des tours, et j&rsquo;ai d\u00fb raccrocher temporairement ma passion. Douze mois sans presser une d\u00e9tente. Une \u00e9ternit\u00e9 pour quelqu&rsquo;un comme moi qui, depuis l&rsquo;\u00e2ge &#8230; <a title=\"Je n\u2019ai pas tir\u00e9 pendant un an. Voici ce que j\u2019ai compris en revenant au stand\" class=\"read-more\" href=\"https:\/\/essai-armes.fr\/it\/je-nai-pas-tire-pendant-an-voici-que-jai-compris-revenant-stand\/\" aria-label=\"Per saperne di pi\u00f9 su Je n\u2019ai pas tir\u00e9 pendant un an. Voici ce que j\u2019ai compris en revenant au stand\">Leggi tutto<\/a><\/p>","protected":false},"author":1,"featured_media":2514,"comment_status":"open","ping_status":"","sticky":false,"template":"","format":"standard","meta":{"footnotes":""},"categories":[1],"tags":[],"class_list":["post-2522","post","type-post","status-publish","format-standard","has-post-thumbnail","hentry","category-blog"],"yoast_head":"<!-- This site is optimized with the Yoast SEO plugin v27.5 - https:\/\/yoast.com\/product\/yoast-seo-wordpress\/ -->\n<title>Je n\u2019ai pas tir\u00e9 pendant un an. Voici ce que j\u2019ai compris en revenant au stand - Essai Armes<\/title>\n<meta name=\"robots\" content=\"index, follow, max-snippet:-1, max-image-preview:large, max-video-preview:-1\" \/>\n<link rel=\"canonical\" href=\"https:\/\/essai-armes.fr\/it\/je-nai-pas-tire-pendant-an-voici-que-jai-compris-revenant-stand\/\" \/>\n<meta property=\"og:locale\" content=\"it_IT\" \/>\n<meta property=\"og:type\" content=\"article\" \/>\n<meta property=\"og:title\" content=\"Je n\u2019ai pas tir\u00e9 pendant un an. Voici ce que j\u2019ai compris en revenant au stand - Essai Armes\" \/>\n<meta property=\"og:description\" content=\"J&rsquo;ai toujours dit qu&rsquo;avec une arme, c&rsquo;est comme avec le v\u00e9lo : \u00e7a ne s&rsquo;oublie pas vraiment, mais la pratique, elle, se perd vite. L&rsquo;an dernier, mon vieux dos m&rsquo;a jou\u00e9 des tours, et j&rsquo;ai d\u00fb raccrocher temporairement ma passion. Douze mois sans presser une d\u00e9tente. Une \u00e9ternit\u00e9 pour quelqu&rsquo;un comme moi qui, depuis l&rsquo;\u00e2ge ... Leggi tutto\" \/>\n<meta property=\"og:url\" content=\"https:\/\/essai-armes.fr\/it\/je-nai-pas-tire-pendant-an-voici-que-jai-compris-revenant-stand\/\" \/>\n<meta property=\"og:site_name\" content=\"Essai Armes\" \/>\n<meta property=\"article:published_time\" content=\"2025-04-23T07:48:00+00:00\" \/>\n<meta property=\"og:image\" content=\"https:\/\/essai-armes.fr\/wp-content\/uploads\/2025\/04\/lecons_de_reprise_du_tir_4393.jpg\" \/>\n\t<meta property=\"og:image:width\" content=\"1200\" \/>\n\t<meta property=\"og:image:height\" content=\"800\" \/>\n\t<meta property=\"og:image:type\" content=\"image\/jpeg\" \/>\n<meta name=\"author\" content=\"EssaiArmes\" \/>\n<meta name=\"twitter:card\" content=\"summary_large_image\" \/>\n<meta name=\"twitter:label1\" content=\"Scritto da\" \/>\n\t<meta name=\"twitter:data1\" content=\"EssaiArmes\" \/>\n\t<meta name=\"twitter:label2\" content=\"Tempo di lettura stimato\" \/>\n\t<meta name=\"twitter:data2\" content=\"4 minuti\" \/>\n<script type=\"application\/ld+json\" class=\"yoast-schema-graph\">{\"@context\":\"https:\\\/\\\/schema.org\",\"@graph\":[{\"@type\":\"Article\",\"@id\":\"https:\\\/\\\/essai-armes.fr\\\/it\\\/je-nai-pas-tire-pendant-an-voici-que-jai-compris-revenant-stand\\\/#article\",\"isPartOf\":{\"@id\":\"https:\\\/\\\/essai-armes.fr\\\/it\\\/je-nai-pas-tire-pendant-an-voici-que-jai-compris-revenant-stand\\\/\"},\"author\":{\"name\":\"EssaiArmes\",\"@id\":\"https:\\\/\\\/essai-armes.fr\\\/it\\\/#\\\/schema\\\/person\\\/285db589fb6ccb5526b53c03232855a1\"},\"headline\":\"Je n\u2019ai pas tir\u00e9 pendant un an. Voici ce que j\u2019ai compris en revenant au stand\",\"datePublished\":\"2025-04-23T07:48:00+00:00\",\"mainEntityOfPage\":{\"@id\":\"https:\\\/\\\/essai-armes.fr\\\/it\\\/je-nai-pas-tire-pendant-an-voici-que-jai-compris-revenant-stand\\\/\"},\"wordCount\":866,\"commentCount\":0,\"publisher\":{\"@id\":\"https:\\\/\\\/essai-armes.fr\\\/it\\\/#organization\"},\"image\":{\"@id\":\"https:\\\/\\\/essai-armes.fr\\\/it\\\/je-nai-pas-tire-pendant-an-voici-que-jai-compris-revenant-stand\\\/#primaryimage\"},\"thumbnailUrl\":\"https:\\\/\\\/essai-armes.fr\\\/wp-content\\\/uploads\\\/2025\\\/04\\\/lecons_de_reprise_du_tir_4393.jpg\",\"articleSection\":[\"Blog\"],\"inLanguage\":\"it-IT\",\"potentialAction\":[{\"@type\":\"CommentAction\",\"name\":\"Comment\",\"target\":[\"https:\\\/\\\/essai-armes.fr\\\/it\\\/je-nai-pas-tire-pendant-an-voici-que-jai-compris-revenant-stand\\\/#respond\"]}]},{\"@type\":\"WebPage\",\"@id\":\"https:\\\/\\\/essai-armes.fr\\\/it\\\/je-nai-pas-tire-pendant-an-voici-que-jai-compris-revenant-stand\\\/\",\"url\":\"https:\\\/\\\/essai-armes.fr\\\/it\\\/je-nai-pas-tire-pendant-an-voici-que-jai-compris-revenant-stand\\\/\",\"name\":\"Je n\u2019ai pas tir\u00e9 pendant un an. Voici ce que j\u2019ai compris en revenant au stand - Essai Armes\",\"isPartOf\":{\"@id\":\"https:\\\/\\\/essai-armes.fr\\\/it\\\/#website\"},\"primaryImageOfPage\":{\"@id\":\"https:\\\/\\\/essai-armes.fr\\\/it\\\/je-nai-pas-tire-pendant-an-voici-que-jai-compris-revenant-stand\\\/#primaryimage\"},\"image\":{\"@id\":\"https:\\\/\\\/essai-armes.fr\\\/it\\\/je-nai-pas-tire-pendant-an-voici-que-jai-compris-revenant-stand\\\/#primaryimage\"},\"thumbnailUrl\":\"https:\\\/\\\/essai-armes.fr\\\/wp-content\\\/uploads\\\/2025\\\/04\\\/lecons_de_reprise_du_tir_4393.jpg\",\"datePublished\":\"2025-04-23T07:48:00+00:00\",\"breadcrumb\":{\"@id\":\"https:\\\/\\\/essai-armes.fr\\\/it\\\/je-nai-pas-tire-pendant-an-voici-que-jai-compris-revenant-stand\\\/#breadcrumb\"},\"inLanguage\":\"it-IT\",\"potentialAction\":[{\"@type\":\"ReadAction\",\"target\":[\"https:\\\/\\\/essai-armes.fr\\\/it\\\/je-nai-pas-tire-pendant-an-voici-que-jai-compris-revenant-stand\\\/\"]}]},{\"@type\":\"ImageObject\",\"inLanguage\":\"it-IT\",\"@id\":\"https:\\\/\\\/essai-armes.fr\\\/it\\\/je-nai-pas-tire-pendant-an-voici-que-jai-compris-revenant-stand\\\/#primaryimage\",\"url\":\"https:\\\/\\\/essai-armes.fr\\\/wp-content\\\/uploads\\\/2025\\\/04\\\/lecons_de_reprise_du_tir_4393.jpg\",\"contentUrl\":\"https:\\\/\\\/essai-armes.fr\\\/wp-content\\\/uploads\\\/2025\\\/04\\\/lecons_de_reprise_du_tir_4393.jpg\",\"width\":1200,\"height\":800,\"caption\":\"Je n\u2019ai pas tir\u00e9 pendant un an. Voici ce que j\u2019ai compris en revenant au stand\"},{\"@type\":\"BreadcrumbList\",\"@id\":\"https:\\\/\\\/essai-armes.fr\\\/it\\\/je-nai-pas-tire-pendant-an-voici-que-jai-compris-revenant-stand\\\/#breadcrumb\",\"itemListElement\":[{\"@type\":\"ListItem\",\"position\":1,\"name\":\"Accueil\",\"item\":\"https:\\\/\\\/essai-armes.fr\\\/\"},{\"@type\":\"ListItem\",\"position\":2,\"name\":\"Je n\u2019ai pas tir\u00e9 pendant un an. Voici ce que j\u2019ai compris en revenant au stand\"}]},{\"@type\":\"WebSite\",\"@id\":\"https:\\\/\\\/essai-armes.fr\\\/it\\\/#website\",\"url\":\"https:\\\/\\\/essai-armes.fr\\\/it\\\/\",\"name\":\"Essai Armes\",\"description\":\"\",\"publisher\":{\"@id\":\"https:\\\/\\\/essai-armes.fr\\\/it\\\/#organization\"},\"potentialAction\":[{\"@type\":\"SearchAction\",\"target\":{\"@type\":\"EntryPoint\",\"urlTemplate\":\"https:\\\/\\\/essai-armes.fr\\\/it\\\/?s={search_term_string}\"},\"query-input\":{\"@type\":\"PropertyValueSpecification\",\"valueRequired\":true,\"valueName\":\"search_term_string\"}}],\"inLanguage\":\"it-IT\"},{\"@type\":\"Organization\",\"@id\":\"https:\\\/\\\/essai-armes.fr\\\/it\\\/#organization\",\"name\":\"Essai Armes\",\"url\":\"https:\\\/\\\/essai-armes.fr\\\/it\\\/\",\"logo\":{\"@type\":\"ImageObject\",\"inLanguage\":\"it-IT\",\"@id\":\"https:\\\/\\\/essai-armes.fr\\\/it\\\/#\\\/schema\\\/logo\\\/image\\\/\",\"url\":\"https:\\\/\\\/essai-armes.fr\\\/wp-content\\\/uploads\\\/2023\\\/06\\\/logo.png\",\"contentUrl\":\"https:\\\/\\\/essai-armes.fr\\\/wp-content\\\/uploads\\\/2023\\\/06\\\/logo.png\",\"width\":624,\"height\":489,\"caption\":\"Essai Armes\"},\"image\":{\"@id\":\"https:\\\/\\\/essai-armes.fr\\\/it\\\/#\\\/schema\\\/logo\\\/image\\\/\"}},{\"@type\":\"Person\",\"@id\":\"https:\\\/\\\/essai-armes.fr\\\/it\\\/#\\\/schema\\\/person\\\/285db589fb6ccb5526b53c03232855a1\",\"name\":\"EssaiArmes\",\"image\":{\"@type\":\"ImageObject\",\"inLanguage\":\"it-IT\",\"@id\":\"https:\\\/\\\/secure.gravatar.com\\\/avatar\\\/4eef13a6b86eb52c791dc07affe061c4d9911166d4959e685012a2770ae0f344?s=96&d=mm&r=g\",\"url\":\"https:\\\/\\\/secure.gravatar.com\\\/avatar\\\/4eef13a6b86eb52c791dc07affe061c4d9911166d4959e685012a2770ae0f344?s=96&d=mm&r=g\",\"contentUrl\":\"https:\\\/\\\/secure.gravatar.com\\\/avatar\\\/4eef13a6b86eb52c791dc07affe061c4d9911166d4959e685012a2770ae0f344?s=96&d=mm&r=g\",\"caption\":\"EssaiArmes\"},\"sameAs\":[\"https:\\\/\\\/essai-armes.fr\"],\"url\":\"https:\\\/\\\/essai-armes.fr\\\/it\\\/author\\\/essaiarmes\\\/\"}]}<\/script>\n<!-- \/ Yoast SEO plugin. -->","yoast_head_json":{"title":"Je n\u2019ai pas tir\u00e9 pendant un an. Voici ce que j\u2019ai compris en revenant au stand - Essai Armes","robots":{"index":"index","follow":"follow","max-snippet":"max-snippet:-1","max-image-preview":"max-image-preview:large","max-video-preview":"max-video-preview:-1"},"canonical":"https:\/\/essai-armes.fr\/it\/je-nai-pas-tire-pendant-an-voici-que-jai-compris-revenant-stand\/","og_locale":"it_IT","og_type":"article","og_title":"Je n\u2019ai pas tir\u00e9 pendant un an. Voici ce que j\u2019ai compris en revenant au stand - Essai Armes","og_description":"J&rsquo;ai toujours dit qu&rsquo;avec une arme, c&rsquo;est comme avec le v\u00e9lo : \u00e7a ne s&rsquo;oublie pas vraiment, mais la pratique, elle, se perd vite. L&rsquo;an dernier, mon vieux dos m&rsquo;a jou\u00e9 des tours, et j&rsquo;ai d\u00fb raccrocher temporairement ma passion. Douze mois sans presser une d\u00e9tente. Une \u00e9ternit\u00e9 pour quelqu&rsquo;un comme moi qui, depuis l&rsquo;\u00e2ge ... Leggi tutto","og_url":"https:\/\/essai-armes.fr\/it\/je-nai-pas-tire-pendant-an-voici-que-jai-compris-revenant-stand\/","og_site_name":"Essai Armes","article_published_time":"2025-04-23T07:48:00+00:00","og_image":[{"width":1200,"height":800,"url":"https:\/\/essai-armes.fr\/wp-content\/uploads\/2025\/04\/lecons_de_reprise_du_tir_4393.jpg","type":"image\/jpeg"}],"author":"EssaiArmes","twitter_card":"summary_large_image","twitter_misc":{"Scritto da":"EssaiArmes","Tempo di lettura stimato":"4 minuti"},"schema":{"@context":"https:\/\/schema.org","@graph":[{"@type":"Article","@id":"https:\/\/essai-armes.fr\/it\/je-nai-pas-tire-pendant-an-voici-que-jai-compris-revenant-stand\/#article","isPartOf":{"@id":"https:\/\/essai-armes.fr\/it\/je-nai-pas-tire-pendant-an-voici-que-jai-compris-revenant-stand\/"},"author":{"name":"EssaiArmes","@id":"https:\/\/essai-armes.fr\/it\/#\/schema\/person\/285db589fb6ccb5526b53c03232855a1"},"headline":"Je n\u2019ai pas tir\u00e9 pendant un an. Voici ce que j\u2019ai compris en revenant au stand","datePublished":"2025-04-23T07:48:00+00:00","mainEntityOfPage":{"@id":"https:\/\/essai-armes.fr\/it\/je-nai-pas-tire-pendant-an-voici-que-jai-compris-revenant-stand\/"},"wordCount":866,"commentCount":0,"publisher":{"@id":"https:\/\/essai-armes.fr\/it\/#organization"},"image":{"@id":"https:\/\/essai-armes.fr\/it\/je-nai-pas-tire-pendant-an-voici-que-jai-compris-revenant-stand\/#primaryimage"},"thumbnailUrl":"https:\/\/essai-armes.fr\/wp-content\/uploads\/2025\/04\/lecons_de_reprise_du_tir_4393.jpg","articleSection":["Blog"],"inLanguage":"it-IT","potentialAction":[{"@type":"CommentAction","name":"Comment","target":["https:\/\/essai-armes.fr\/it\/je-nai-pas-tire-pendant-an-voici-que-jai-compris-revenant-stand\/#respond"]}]},{"@type":"WebPage","@id":"https:\/\/essai-armes.fr\/it\/je-nai-pas-tire-pendant-an-voici-que-jai-compris-revenant-stand\/","url":"https:\/\/essai-armes.fr\/it\/je-nai-pas-tire-pendant-an-voici-que-jai-compris-revenant-stand\/","name":"Je n\u2019ai pas tir\u00e9 pendant un an. Voici ce que j\u2019ai compris en revenant au stand - Essai Armes","isPartOf":{"@id":"https:\/\/essai-armes.fr\/it\/#website"},"primaryImageOfPage":{"@id":"https:\/\/essai-armes.fr\/it\/je-nai-pas-tire-pendant-an-voici-que-jai-compris-revenant-stand\/#primaryimage"},"image":{"@id":"https:\/\/essai-armes.fr\/it\/je-nai-pas-tire-pendant-an-voici-que-jai-compris-revenant-stand\/#primaryimage"},"thumbnailUrl":"https:\/\/essai-armes.fr\/wp-content\/uploads\/2025\/04\/lecons_de_reprise_du_tir_4393.jpg","datePublished":"2025-04-23T07:48:00+00:00","breadcrumb":{"@id":"https:\/\/essai-armes.fr\/it\/je-nai-pas-tire-pendant-an-voici-que-jai-compris-revenant-stand\/#breadcrumb"},"inLanguage":"it-IT","potentialAction":[{"@type":"ReadAction","target":["https:\/\/essai-armes.fr\/it\/je-nai-pas-tire-pendant-an-voici-que-jai-compris-revenant-stand\/"]}]},{"@type":"ImageObject","inLanguage":"it-IT","@id":"https:\/\/essai-armes.fr\/it\/je-nai-pas-tire-pendant-an-voici-que-jai-compris-revenant-stand\/#primaryimage","url":"https:\/\/essai-armes.fr\/wp-content\/uploads\/2025\/04\/lecons_de_reprise_du_tir_4393.jpg","contentUrl":"https:\/\/essai-armes.fr\/wp-content\/uploads\/2025\/04\/lecons_de_reprise_du_tir_4393.jpg","width":1200,"height":800,"caption":"Je n\u2019ai pas tir\u00e9 pendant un an. Voici ce que j\u2019ai compris en revenant au stand"},{"@type":"BreadcrumbList","@id":"https:\/\/essai-armes.fr\/it\/je-nai-pas-tire-pendant-an-voici-que-jai-compris-revenant-stand\/#breadcrumb","itemListElement":[{"@type":"ListItem","position":1,"name":"Accueil","item":"https:\/\/essai-armes.fr\/"},{"@type":"ListItem","position":2,"name":"Je n\u2019ai pas tir\u00e9 pendant un an. Voici ce que j\u2019ai compris en revenant au stand"}]},{"@type":"WebSite","@id":"https:\/\/essai-armes.fr\/it\/#website","url":"https:\/\/essai-armes.fr\/it\/","name":"Processo alle armi","description":"","publisher":{"@id":"https:\/\/essai-armes.fr\/it\/#organization"},"potentialAction":[{"@type":"SearchAction","target":{"@type":"EntryPoint","urlTemplate":"https:\/\/essai-armes.fr\/it\/?s={search_term_string}"},"query-input":{"@type":"PropertyValueSpecification","valueRequired":true,"valueName":"search_term_string"}}],"inLanguage":"it-IT"},{"@type":"Organization","@id":"https:\/\/essai-armes.fr\/it\/#organization","name":"Processo alle armi","url":"https:\/\/essai-armes.fr\/it\/","logo":{"@type":"ImageObject","inLanguage":"it-IT","@id":"https:\/\/essai-armes.fr\/it\/#\/schema\/logo\/image\/","url":"https:\/\/essai-armes.fr\/wp-content\/uploads\/2023\/06\/logo.png","contentUrl":"https:\/\/essai-armes.fr\/wp-content\/uploads\/2023\/06\/logo.png","width":624,"height":489,"caption":"Essai Armes"},"image":{"@id":"https:\/\/essai-armes.fr\/it\/#\/schema\/logo\/image\/"}},{"@type":"Person","@id":"https:\/\/essai-armes.fr\/it\/#\/schema\/person\/285db589fb6ccb5526b53c03232855a1","name":"Armi di prova","image":{"@type":"ImageObject","inLanguage":"it-IT","@id":"https:\/\/secure.gravatar.com\/avatar\/4eef13a6b86eb52c791dc07affe061c4d9911166d4959e685012a2770ae0f344?s=96&d=mm&r=g","url":"https:\/\/secure.gravatar.com\/avatar\/4eef13a6b86eb52c791dc07affe061c4d9911166d4959e685012a2770ae0f344?s=96&d=mm&r=g","contentUrl":"https:\/\/secure.gravatar.com\/avatar\/4eef13a6b86eb52c791dc07affe061c4d9911166d4959e685012a2770ae0f344?s=96&d=mm&r=g","caption":"EssaiArmes"},"sameAs":["https:\/\/essai-armes.fr"],"url":"https:\/\/essai-armes.fr\/it\/author\/essaiarmes\/"}]}},"_links":{"self":[{"href":"https:\/\/essai-armes.fr\/it\/wp-json\/wp\/v2\/posts\/2522","targetHints":{"allow":["GET"]}}],"collection":[{"href":"https:\/\/essai-armes.fr\/it\/wp-json\/wp\/v2\/posts"}],"about":[{"href":"https:\/\/essai-armes.fr\/it\/wp-json\/wp\/v2\/types\/post"}],"author":[{"embeddable":true,"href":"https:\/\/essai-armes.fr\/it\/wp-json\/wp\/v2\/users\/1"}],"replies":[{"embeddable":true,"href":"https:\/\/essai-armes.fr\/it\/wp-json\/wp\/v2\/comments?post=2522"}],"version-history":[{"count":1,"href":"https:\/\/essai-armes.fr\/it\/wp-json\/wp\/v2\/posts\/2522\/revisions"}],"predecessor-version":[{"id":2568,"href":"https:\/\/essai-armes.fr\/it\/wp-json\/wp\/v2\/posts\/2522\/revisions\/2568"}],"wp:featuredmedia":[{"embeddable":true,"href":"https:\/\/essai-armes.fr\/it\/wp-json\/wp\/v2\/media\/2514"}],"wp:attachment":[{"href":"https:\/\/essai-armes.fr\/it\/wp-json\/wp\/v2\/media?parent=2522"}],"wp:term":[{"taxonomy":"category","embeddable":true,"href":"https:\/\/essai-armes.fr\/it\/wp-json\/wp\/v2\/categories?post=2522"},{"taxonomy":"post_tag","embeddable":true,"href":"https:\/\/essai-armes.fr\/it\/wp-json\/wp\/v2\/tags?post=2522"}],"curies":[{"name":"wp","href":"https:\/\/api.w.org\/{rel}","templated":true}]}}