{"id":3205,"date":"2025-09-11T19:30:00","date_gmt":"2025-09-11T19:30:00","guid":{"rendered":"https:\/\/essai-armes.fr\/?p=3205"},"modified":"2025-09-11T19:30:00","modified_gmt":"2025-09-11T19:30:00","slug":"pourquoi-variante-k-p38-a-t-elle-ete-creee-histoire-usages","status":"publish","type":"post","link":"https:\/\/essai-armes.fr\/es\/pourquoi-variante-k-p38-a-t-elle-ete-creee-histoire-usages\/","title":{"rendered":"Pourquoi la variante \u00ab K \u00bb du P38 a-t-elle \u00e9t\u00e9 cr\u00e9\u00e9e : histoire et usages"},"content":{"rendered":"<p><strong>Resumen del art\u00edculo<\/strong><\/p>\n<p><p>Le P38K, variante compacte du c\u00e9l\u00e8bre pistolet Walther P38, a marqu\u00e9 l&rsquo;histoire des armes allemandes durant la Seconde Guerre mondiale.<\/p>\n<ul>\n<li>Modelo <strong>raccourci<\/strong> (72 mm contre 125 mm) con\u00e7u pour les <em>officiers d&rsquo;\u00e9tat-major<\/em> et pilotes de la Luftwaffe<\/li>\n<li>Production <strong>tr\u00e8s limit\u00e9e<\/strong> avec moins de 2000 exemplaires fabriqu\u00e9s entre 1943 et 1945<\/li>\n<li>Conserve le calibre 9 mm et la capacit\u00e9 de 8 cartouches du mod\u00e8le standard<\/li>\n<li>Pi\u00e8ce <em>extr\u00eamement recherch\u00e9e<\/em> par les collectionneurs, atteignant des prix tr\u00e8s \u00e9lev\u00e9s<\/li>\n<\/ul>\n<p>Le sujet du moment : le fameux P38 et sa variante \u00ab K \u00bb  ! En tant qu&rsquo;armurier passionn\u00e9, je peux vous dire que cette question revient souvent dans ma boutique. Les jeunes collectionneurs sont particuli\u00e8rement curieux \u00e0 ce sujet. J&rsquo;ai d&rsquo;ailleurs r\u00e9cemment manipul\u00e9 un P38K lors d&rsquo;une exposition d&rsquo;armes historiques &#8211; un mod\u00e8le rare qui attire toujours les regards ! Plongeons ensemble dans l&rsquo;histoire fascinante de cette variante compacte qui a marqu\u00e9 l&rsquo;histoire des armes de poing allemandes.<\/p>\n<h2>Les origines militaires de la variante \u00ab K \u00bb du P38<\/h2>\n<p>La variante \u00ab K \u00bb du P38 repr\u00e9sente une adaptation compacte du c\u00e9l\u00e8bre pistolet Walther P38 standard. Cr\u00e9\u00e9e pendant la Seconde Guerre mondiale, cette version raccourcie r\u00e9pondait \u00e0 des besoins sp\u00e9cifiques des forces arm\u00e9es allemandes. Le \u00ab\u00a0K\u00a0\u00bb dans sa d\u00e9signation signifie \u00ab\u00a0Kurz\u00a0\u00bb en allemand, ce qui se traduit par \u00ab\u00a0court\u00a0\u00bb en fran\u00e7ais, illustrant parfaitement sa principale caract\u00e9ristique : un encombrement r\u00e9duit.<\/p>\n<p>La conception de cette variante compacte s&rsquo;est r\u00e9v\u00e9l\u00e9e n\u00e9cessaire lorsque les officiers et personnels de l&rsquo;\u00e9tat-major allemand ont exprim\u00e9 le besoin d&rsquo;une arme plus discr\u00e8te et facile \u00e0 transporter. Je me souviens avoir discut\u00e9 avec un collectionneur qui poss\u00e9dait des documents originaux mentionnant les demandes sp\u00e9cifiques de certains g\u00e9n\u00e9raux pour une version plus maniable du P38 standard.<\/p>\n<h3>La conception technique adapt\u00e9e<\/h3>\n<p>D&rsquo;un point de vue technique, la <strong>variante \u00ab K \u00bb du P38<\/strong> conservait le m\u00e9canisme de base du mod\u00e8le standard tout en pr\u00e9sentant des modifications substantielles. La caract\u00e9ristique la plus \u00e9vidente \u00e9tait sa longueur r\u00e9duite. Le canon mesurait environ 72 mm contre 125 mm pour le mod\u00e8le standard, ce qui permettait une dissimulation bien plus efficace sous un v\u00eatement. La glissi\u00e8re et la carcasse \u00e9taient \u00e9galement raccourcies en proportion.<\/p>\n<p>Malgr\u00e9 sa taille r\u00e9duite, le P38K conservait le syst\u00e8me de verrouillage \u00e0 bloc oscillant et le percuteur lanc\u00e9 du mod\u00e8le original. Le chargeur standard contenait 8 cartouches de calibre 9 mm Parabellum, identique \u00e0 celui du P38 classique, maintenant ainsi une puissance de feu comparable malgr\u00e9 la r\u00e9duction de taille.<\/p>\n<h3>La production limit\u00e9e<\/h3>\n<p>Contrairement \u00e0 son grand fr\u00e8re produit en masse, la <strong>variante \u00ab K \u00bb du P38<\/strong> n&rsquo;a \u00e9t\u00e9 fabriqu\u00e9e qu&rsquo;en quantit\u00e9s tr\u00e8s limit\u00e9es. Les registres historiques indiquent que moins de 2000 exemplaires auraient \u00e9t\u00e9 produits, principalement entre 1943 et 1945. Cette raret\u00e9 explique pourquoi ces mod\u00e8les sont aujourd&rsquo;hui particuli\u00e8rement recherch\u00e9s par les collectionneurs d&rsquo;armes historiques et peuvent atteindre des prix tr\u00e8s \u00e9lev\u00e9s lors des ventes aux ench\u00e8res sp\u00e9cialis\u00e9es.<\/p>\n<table border=\"1\" cellpadding=\"5\" cellspacing=\"0\">\n<tr>\n<th>Caracter\u00edsticas<\/th>\n<th>P38 Standard<\/th>\n<th>P38K (variante \u00ab\u00a0K\u00a0\u00bb)<\/th>\n<\/tr>\n<tr>\n<td>Longitud del ca\u00f1\u00f3n<\/td>\n<td>125 mm<\/td>\n<td>72 mm<\/td>\n<\/tr>\n<tr>\n<td>Longitud total<\/td>\n<td>216 mm<\/td>\n<td>169 mm<\/td>\n<\/tr>\n<tr>\n<td>Poids (non charg\u00e9)<\/td>\n<td>800 g<\/td>\n<td>710 g<\/td>\n<\/tr>\n<tr>\n<td>Capacidad del cargador<\/td>\n<td>8 cartouches<\/td>\n<td>8 cartouches<\/td>\n<\/tr>\n<\/table>\n<h2>Les usages sp\u00e9cifiques du P38K dans les op\u00e9rations militaires<\/h2>\n<p>Le P38K a \u00e9t\u00e9 con\u00e7u pour r\u00e9pondre \u00e0 des besoins op\u00e9rationnels tr\u00e8s particuliers au sein des forces arm\u00e9es allemandes. Si le mod\u00e8le standard \u00e9quipait largement l&rsquo;infanterie r\u00e9guli\u00e8re, la variante compacte \u00e9tait destin\u00e9e \u00e0 des utilisateurs plus sp\u00e9cifiques et \u00e0 des missions o\u00f9 la discr\u00e9tion primait sur la puissance de feu soutenue.<\/p>\n<h3>L&rsquo;arme des officiers d&rsquo;\u00e9tat-major<\/h3>\n<p>Contrairement aux fantasmes v\u00e9hicul\u00e9s par certains collectionneurs, le P38K n&rsquo;\u00e9tait pas principalement destin\u00e9 aux unit\u00e9s d&rsquo;\u00e9lite ou aux op\u00e9rations clandestines. Sa mission premi\u00e8re \u00e9tait d&rsquo;\u00e9quiper les officiers d&rsquo;\u00e9tat-major et les grad\u00e9s qui travaillaient principalement \u00e0 l&rsquo;arri\u00e8re des lignes. Pour ces utilisateurs, la portabilit\u00e9 et la discr\u00e9tion \u00e9taient plus importantes que la pr\u00e9cision \u00e0 longue distance.<\/p>\n<p>Les officiers de la <em>Luftwaffe<\/em> (l&rsquo;arm\u00e9e de l&rsquo;air allemande) comptaient \u00e9galement parmi les utilisateurs d\u00e9sign\u00e9s du P38K. La compacit\u00e9 de l&rsquo;arme permettait aux pilotes et au personnel navigant de l&#8217;emporter plus facilement dans le cockpit \u00e9troit des avions de combat. Dans mon armurerie, je pr\u00e9sente souvent aux visiteurs int\u00e9ress\u00e9s par le <a href=\"https:\/\/essai-armes.fr\/es\/kimber-1911-especificaciones-pistola-2\/\">Kimber 1911: caracter\u00edsticas y especificaciones de la pistola<\/a> une comparaison avec le P38K pour illustrer l&rsquo;\u00e9volution des armes de poing compactes.<\/p>\n<h3>Les limitations op\u00e9rationnelles<\/h3>\n<p>Soulignons que la r\u00e9duction de taille du P38K entra\u00eenait certains inconv\u00e9nients. La pr\u00e9cision \u00e0 moyenne et longue distance \u00e9tait significativement r\u00e9duite en raison du canon plus court. Par ailleurs, le recul ressenti \u00e9tait plus important, rendant le tir en succession rapide moins confortable.<\/p>\n<p>Ces limitations expliquent pourquoi cette variante n&rsquo;a jamais remplac\u00e9 le mod\u00e8le standard pour les troupes combattantes. La version K restait une arme de d\u00e9fense personnelle ou de dernier recours, non un outil offensif principal. \u00c0 titre de comparaison, si vous vous int\u00e9ressez aux armes contemporaines plus puissantes, vous pourriez examiner <a href=\"https:\/\/essai-armes.fr\/es\/cual-es-el-revolver-mas-potente-autorizado-por-la-ley\/\">quel est le revolver le plus puissant autoris\u00e9 : limites l\u00e9gales<\/a>.<\/p>\n<p>Les utilisateurs rapportaient \u00e9galement une dur\u00e9e de vie m\u00e9canique inf\u00e9rieure \u00e0 celle du mod\u00e8le standard, due aux contraintes suppl\u00e9mentaires exerc\u00e9es sur le m\u00e9canisme de recul plus court. Cette usure pr\u00e9matur\u00e9e constituait un probl\u00e8me logistique suppl\u00e9mentaire qui limitait son d\u00e9ploiement \u00e0 grande \u00e9chelle.<\/p>\n<ul>\n<li>Arme principalement destin\u00e9e aux officiers d&rsquo;\u00e9tat-major<\/li>\n<li>Utilis\u00e9e par certains pilotes de la Luftwaffe<\/li>\n<li>Pr\u00e9cision r\u00e9duite au-del\u00e0 de 25 m\u00e8tres<\/li>\n<li>Fiabilit\u00e9 l\u00e9g\u00e8rement inf\u00e9rieure au mod\u00e8le standard<\/li>\n<li>Production limit\u00e9e par les contraintes industrielles de fin de guerre<\/li>\n<\/ul>\n<h2>L&rsquo;h\u00e9ritage historique et la valeur collectible actuelle<\/h2>\n<p>Aujourd&rsquo;hui, le P38K repr\u00e9sente bien plus qu&rsquo;une simple variante technique d&rsquo;une arme militaire. Il est devenu un t\u00e9moin historique recherch\u00e9 et un objet de collection pris\u00e9. Sa raret\u00e9 en fait l&rsquo;une des pi\u00e8ces les plus convoit\u00e9es par les collectionneurs sp\u00e9cialis\u00e9s dans les armes de la Seconde Guerre mondiale.<\/p>\n<p>Dans ma carri\u00e8re d&rsquo;armurier, j&rsquo;ai rarement eu l&rsquo;occasion de tenir un P38K authentique entre mes mains. Ces pi\u00e8ces sont devenues si rares que leur prix sur le march\u00e9 des collectionneurs peut atteindre plusieurs dizaines de milliers d&rsquo;euros pour un exemplaire en bon \u00e9tat avec sa documentation d&rsquo;origine.<\/p>\n<p>L&rsquo;influence du design du P38K se retrouve dans plusieurs mod\u00e8les d&rsquo;armes compactes d\u00e9velopp\u00e9s apr\u00e8s la guerre. Son concept de pistolet de service raccourci a inspir\u00e9 de nombreux fabricants contemporains dans la conception de leurs mod\u00e8les compacts destin\u00e9s au port dissimul\u00e9.<\/p>\n<p>Pour les passionn\u00e9s d&rsquo;histoire militaire et les collectionneurs, la variante K du P38 repr\u00e9sente un chapitre int\u00e9ressant de l&rsquo;\u00e9volution des armes de poing au XXe si\u00e8cle, illustrant l&rsquo;adaptation constante des \u00e9quipements militaires aux besoins sp\u00e9cifiques des diff\u00e9rents corps d&rsquo;arm\u00e9e.<\/p>\n<p>Fuentes : <a href=\"https:\/\/fr.wikipedia.org\/wiki\/Glossaire<em>desarmes<em>%C3%A0<\/em>feu\u00a0\u00bb>glossaire des armes \u00e0 feu<\/a> | <a href=\"https:>wiki de armas<\/a><\/p>\n<div style='text-align:center;'><iframe width='560' height='315' src='https:\/\/www.youtube.com\/embed\/tNgg3P6VYYc' frameborder='0' allow='accelerometer; autoplay; clipboard-write; encrypted-media; gyroscope; picture-in-picture' allowfullscreen><\/iframe><\/div>","protected":false},"excerpt":{"rendered":"<p>L&rsquo;article en bref Le P38K, variante compacte du c\u00e9l\u00e8bre pistolet Walther P38, a marqu\u00e9 l&rsquo;histoire des armes allemandes durant la Seconde Guerre mondiale. Mod\u00e8le raccourci (72 mm contre 125 mm) con\u00e7u pour les officiers d&rsquo;\u00e9tat-major et pilotes de la Luftwaffe Production tr\u00e8s limit\u00e9e avec moins de 2000 exemplaires fabriqu\u00e9s entre 1943 et 1945 Conserve le &#8230; <a title=\"Pourquoi la variante \u00ab K \u00bb du P38 a-t-elle \u00e9t\u00e9 cr\u00e9\u00e9e : histoire et usages\" class=\"read-more\" href=\"https:\/\/essai-armes.fr\/es\/pourquoi-variante-k-p38-a-t-elle-ete-creee-histoire-usages\/\" aria-label=\"Leer m\u00e1s sobre Pourquoi la variante \u00ab K \u00bb du P38 a-t-elle \u00e9t\u00e9 cr\u00e9\u00e9e : histoire et usages\">Leer m\u00e1s<\/a><\/p>","protected":false},"author":2,"featured_media":3204,"comment_status":"open","ping_status":"","sticky":false,"template":"","format":"standard","meta":{"footnotes":""},"categories":[1],"tags":[],"class_list":["post-3205","post","type-post","status-publish","format-standard","has-post-thumbnail","hentry","category-blog"],"yoast_head":"<!-- This site is optimized with the Yoast SEO plugin v27.4 - https:\/\/yoast.com\/product\/yoast-seo-wordpress\/ -->\n<title>Pourquoi la variante \u00ab K \u00bb du P38 a-t-elle \u00e9t\u00e9 cr\u00e9\u00e9e : histoire et usages - Essai Armes<\/title>\n<meta name=\"robots\" content=\"index, follow, max-snippet:-1, max-image-preview:large, max-video-preview:-1\" \/>\n<link rel=\"canonical\" href=\"https:\/\/essai-armes.fr\/es\/pourquoi-variante-k-p38-a-t-elle-ete-creee-histoire-usages\/\" \/>\n<meta property=\"og:locale\" content=\"es_ES\" \/>\n<meta property=\"og:type\" content=\"article\" \/>\n<meta property=\"og:title\" content=\"Pourquoi la variante \u00ab K \u00bb du P38 a-t-elle \u00e9t\u00e9 cr\u00e9\u00e9e : histoire et usages - Essai Armes\" \/>\n<meta property=\"og:description\" content=\"L&rsquo;article en bref Le P38K, variante compacte du c\u00e9l\u00e8bre pistolet Walther P38, a marqu\u00e9 l&rsquo;histoire des armes allemandes durant la Seconde Guerre mondiale. Mod\u00e8le raccourci (72 mm contre 125 mm) con\u00e7u pour les officiers d&rsquo;\u00e9tat-major et pilotes de la Luftwaffe Production tr\u00e8s limit\u00e9e avec moins de 2000 exemplaires fabriqu\u00e9s entre 1943 et 1945 Conserve le ... Leer m\u00e1s\" \/>\n<meta property=\"og:url\" content=\"https:\/\/essai-armes.fr\/es\/pourquoi-variante-k-p38-a-t-elle-ete-creee-histoire-usages\/\" \/>\n<meta property=\"og:site_name\" content=\"Essai Armes\" \/>\n<meta property=\"article:published_time\" content=\"2025-09-11T19:30:00+00:00\" \/>\n<meta property=\"og:image\" content=\"https:\/\/essai-armes.fr\/wp-content\/uploads\/2025\/09\/variante_k_histoire_p38_6744.jpg\" \/>\n\t<meta property=\"og:image:width\" content=\"1344\" \/>\n\t<meta property=\"og:image:height\" content=\"896\" \/>\n\t<meta property=\"og:image:type\" content=\"image\/jpeg\" \/>\n<meta name=\"author\" content=\"Damien\" \/>\n<meta name=\"twitter:card\" content=\"summary_large_image\" \/>\n<meta name=\"twitter:label1\" content=\"Escrito por\" \/>\n\t<meta name=\"twitter:data1\" content=\"Damien\" \/>\n\t<meta name=\"twitter:label2\" content=\"Tiempo de lectura\" \/>\n\t<meta name=\"twitter:data2\" content=\"6 minutos\" \/>\n<script type=\"application\/ld+json\" class=\"yoast-schema-graph\">{\"@context\":\"https:\\\/\\\/schema.org\",\"@graph\":[{\"@type\":\"Article\",\"@id\":\"https:\\\/\\\/essai-armes.fr\\\/es\\\/pourquoi-variante-k-p38-a-t-elle-ete-creee-histoire-usages\\\/#article\",\"isPartOf\":{\"@id\":\"https:\\\/\\\/essai-armes.fr\\\/es\\\/pourquoi-variante-k-p38-a-t-elle-ete-creee-histoire-usages\\\/\"},\"author\":{\"name\":\"Damien\",\"@id\":\"https:\\\/\\\/essai-armes.fr\\\/es\\\/#\\\/schema\\\/person\\\/3ee005425b0b49de03b99036963c456d\"},\"headline\":\"Pourquoi la variante \u00ab K \u00bb du P38 a-t-elle \u00e9t\u00e9 cr\u00e9\u00e9e : histoire et usages\",\"datePublished\":\"2025-09-11T19:30:00+00:00\",\"mainEntityOfPage\":{\"@id\":\"https:\\\/\\\/essai-armes.fr\\\/es\\\/pourquoi-variante-k-p38-a-t-elle-ete-creee-histoire-usages\\\/\"},\"wordCount\":1245,\"commentCount\":0,\"publisher\":{\"@id\":\"https:\\\/\\\/essai-armes.fr\\\/es\\\/#organization\"},\"image\":{\"@id\":\"https:\\\/\\\/essai-armes.fr\\\/es\\\/pourquoi-variante-k-p38-a-t-elle-ete-creee-histoire-usages\\\/#primaryimage\"},\"thumbnailUrl\":\"https:\\\/\\\/essai-armes.fr\\\/wp-content\\\/uploads\\\/2025\\\/09\\\/variante_k_histoire_p38_6744.jpg\",\"articleSection\":[\"Blog\"],\"inLanguage\":\"es\",\"potentialAction\":[{\"@type\":\"CommentAction\",\"name\":\"Comment\",\"target\":[\"https:\\\/\\\/essai-armes.fr\\\/es\\\/pourquoi-variante-k-p38-a-t-elle-ete-creee-histoire-usages\\\/#respond\"]}]},{\"@type\":\"WebPage\",\"@id\":\"https:\\\/\\\/essai-armes.fr\\\/es\\\/pourquoi-variante-k-p38-a-t-elle-ete-creee-histoire-usages\\\/\",\"url\":\"https:\\\/\\\/essai-armes.fr\\\/es\\\/pourquoi-variante-k-p38-a-t-elle-ete-creee-histoire-usages\\\/\",\"name\":\"Pourquoi la variante \u00ab K \u00bb du P38 a-t-elle \u00e9t\u00e9 cr\u00e9\u00e9e : histoire et usages - Essai Armes\",\"isPartOf\":{\"@id\":\"https:\\\/\\\/essai-armes.fr\\\/es\\\/#website\"},\"primaryImageOfPage\":{\"@id\":\"https:\\\/\\\/essai-armes.fr\\\/es\\\/pourquoi-variante-k-p38-a-t-elle-ete-creee-histoire-usages\\\/#primaryimage\"},\"image\":{\"@id\":\"https:\\\/\\\/essai-armes.fr\\\/es\\\/pourquoi-variante-k-p38-a-t-elle-ete-creee-histoire-usages\\\/#primaryimage\"},\"thumbnailUrl\":\"https:\\\/\\\/essai-armes.fr\\\/wp-content\\\/uploads\\\/2025\\\/09\\\/variante_k_histoire_p38_6744.jpg\",\"datePublished\":\"2025-09-11T19:30:00+00:00\",\"breadcrumb\":{\"@id\":\"https:\\\/\\\/essai-armes.fr\\\/es\\\/pourquoi-variante-k-p38-a-t-elle-ete-creee-histoire-usages\\\/#breadcrumb\"},\"inLanguage\":\"es\",\"potentialAction\":[{\"@type\":\"ReadAction\",\"target\":[\"https:\\\/\\\/essai-armes.fr\\\/es\\\/pourquoi-variante-k-p38-a-t-elle-ete-creee-histoire-usages\\\/\"]}]},{\"@type\":\"ImageObject\",\"inLanguage\":\"es\",\"@id\":\"https:\\\/\\\/essai-armes.fr\\\/es\\\/pourquoi-variante-k-p38-a-t-elle-ete-creee-histoire-usages\\\/#primaryimage\",\"url\":\"https:\\\/\\\/essai-armes.fr\\\/wp-content\\\/uploads\\\/2025\\\/09\\\/variante_k_histoire_p38_6744.jpg\",\"contentUrl\":\"https:\\\/\\\/essai-armes.fr\\\/wp-content\\\/uploads\\\/2025\\\/09\\\/variante_k_histoire_p38_6744.jpg\",\"width\":1344,\"height\":896,\"caption\":\"Pourquoi la variante \u00ab K \u00bb du P38 a-t-elle \u00e9t\u00e9 cr\u00e9\u00e9e : histoire et usages\"},{\"@type\":\"BreadcrumbList\",\"@id\":\"https:\\\/\\\/essai-armes.fr\\\/es\\\/pourquoi-variante-k-p38-a-t-elle-ete-creee-histoire-usages\\\/#breadcrumb\",\"itemListElement\":[{\"@type\":\"ListItem\",\"position\":1,\"name\":\"Accueil\",\"item\":\"https:\\\/\\\/essai-armes.fr\\\/\"},{\"@type\":\"ListItem\",\"position\":2,\"name\":\"Pourquoi la variante \u00ab K \u00bb du P38 a-t-elle \u00e9t\u00e9 cr\u00e9\u00e9e : histoire et usages\"}]},{\"@type\":\"WebSite\",\"@id\":\"https:\\\/\\\/essai-armes.fr\\\/es\\\/#website\",\"url\":\"https:\\\/\\\/essai-armes.fr\\\/es\\\/\",\"name\":\"Essai Armes\",\"description\":\"\",\"publisher\":{\"@id\":\"https:\\\/\\\/essai-armes.fr\\\/es\\\/#organization\"},\"potentialAction\":[{\"@type\":\"SearchAction\",\"target\":{\"@type\":\"EntryPoint\",\"urlTemplate\":\"https:\\\/\\\/essai-armes.fr\\\/es\\\/?s={search_term_string}\"},\"query-input\":{\"@type\":\"PropertyValueSpecification\",\"valueRequired\":true,\"valueName\":\"search_term_string\"}}],\"inLanguage\":\"es\"},{\"@type\":\"Organization\",\"@id\":\"https:\\\/\\\/essai-armes.fr\\\/es\\\/#organization\",\"name\":\"Essai Armes\",\"url\":\"https:\\\/\\\/essai-armes.fr\\\/es\\\/\",\"logo\":{\"@type\":\"ImageObject\",\"inLanguage\":\"es\",\"@id\":\"https:\\\/\\\/essai-armes.fr\\\/es\\\/#\\\/schema\\\/logo\\\/image\\\/\",\"url\":\"https:\\\/\\\/essai-armes.fr\\\/wp-content\\\/uploads\\\/2023\\\/06\\\/logo.png\",\"contentUrl\":\"https:\\\/\\\/essai-armes.fr\\\/wp-content\\\/uploads\\\/2023\\\/06\\\/logo.png\",\"width\":624,\"height\":489,\"caption\":\"Essai Armes\"},\"image\":{\"@id\":\"https:\\\/\\\/essai-armes.fr\\\/es\\\/#\\\/schema\\\/logo\\\/image\\\/\"}},{\"@type\":\"Person\",\"@id\":\"https:\\\/\\\/essai-armes.fr\\\/es\\\/#\\\/schema\\\/person\\\/3ee005425b0b49de03b99036963c456d\",\"name\":\"Damien\",\"image\":{\"@type\":\"ImageObject\",\"inLanguage\":\"es\",\"@id\":\"https:\\\/\\\/secure.gravatar.com\\\/avatar\\\/ce38768ebaf5d044c623efd7ff10a6ad2e1bf4f59b1039f5295b8e35e82bb447?s=96&d=mm&r=g\",\"url\":\"https:\\\/\\\/secure.gravatar.com\\\/avatar\\\/ce38768ebaf5d044c623efd7ff10a6ad2e1bf4f59b1039f5295b8e35e82bb447?s=96&d=mm&r=g\",\"contentUrl\":\"https:\\\/\\\/secure.gravatar.com\\\/avatar\\\/ce38768ebaf5d044c623efd7ff10a6ad2e1bf4f59b1039f5295b8e35e82bb447?s=96&d=mm&r=g\",\"caption\":\"Damien\"},\"url\":\"https:\\\/\\\/essai-armes.fr\\\/es\\\/author\\\/damien\\\/\"}]}<\/script>\n<!-- \/ Yoast SEO plugin. -->","yoast_head_json":{"title":"Pourquoi la variante \u00ab K \u00bb du P38 a-t-elle \u00e9t\u00e9 cr\u00e9\u00e9e : histoire et usages - Essai Armes","robots":{"index":"index","follow":"follow","max-snippet":"max-snippet:-1","max-image-preview":"max-image-preview:large","max-video-preview":"max-video-preview:-1"},"canonical":"https:\/\/essai-armes.fr\/es\/pourquoi-variante-k-p38-a-t-elle-ete-creee-histoire-usages\/","og_locale":"es_ES","og_type":"article","og_title":"Pourquoi la variante \u00ab K \u00bb du P38 a-t-elle \u00e9t\u00e9 cr\u00e9\u00e9e : histoire et usages - Essai Armes","og_description":"L&rsquo;article en bref Le P38K, variante compacte du c\u00e9l\u00e8bre pistolet Walther P38, a marqu\u00e9 l&rsquo;histoire des armes allemandes durant la Seconde Guerre mondiale. Mod\u00e8le raccourci (72 mm contre 125 mm) con\u00e7u pour les officiers d&rsquo;\u00e9tat-major et pilotes de la Luftwaffe Production tr\u00e8s limit\u00e9e avec moins de 2000 exemplaires fabriqu\u00e9s entre 1943 et 1945 Conserve le ... Leer m\u00e1s","og_url":"https:\/\/essai-armes.fr\/es\/pourquoi-variante-k-p38-a-t-elle-ete-creee-histoire-usages\/","og_site_name":"Essai Armes","article_published_time":"2025-09-11T19:30:00+00:00","og_image":[{"width":1344,"height":896,"url":"https:\/\/essai-armes.fr\/wp-content\/uploads\/2025\/09\/variante_k_histoire_p38_6744.jpg","type":"image\/jpeg"}],"author":"Damien","twitter_card":"summary_large_image","twitter_misc":{"Escrito por":"Damien","Tiempo de lectura":"6 minutos"},"schema":{"@context":"https:\/\/schema.org","@graph":[{"@type":"Article","@id":"https:\/\/essai-armes.fr\/es\/pourquoi-variante-k-p38-a-t-elle-ete-creee-histoire-usages\/#article","isPartOf":{"@id":"https:\/\/essai-armes.fr\/es\/pourquoi-variante-k-p38-a-t-elle-ete-creee-histoire-usages\/"},"author":{"name":"Damien","@id":"https:\/\/essai-armes.fr\/es\/#\/schema\/person\/3ee005425b0b49de03b99036963c456d"},"headline":"Pourquoi la variante \u00ab K \u00bb du P38 a-t-elle \u00e9t\u00e9 cr\u00e9\u00e9e : histoire et usages","datePublished":"2025-09-11T19:30:00+00:00","mainEntityOfPage":{"@id":"https:\/\/essai-armes.fr\/es\/pourquoi-variante-k-p38-a-t-elle-ete-creee-histoire-usages\/"},"wordCount":1245,"commentCount":0,"publisher":{"@id":"https:\/\/essai-armes.fr\/es\/#organization"},"image":{"@id":"https:\/\/essai-armes.fr\/es\/pourquoi-variante-k-p38-a-t-elle-ete-creee-histoire-usages\/#primaryimage"},"thumbnailUrl":"https:\/\/essai-armes.fr\/wp-content\/uploads\/2025\/09\/variante_k_histoire_p38_6744.jpg","articleSection":["Blog"],"inLanguage":"es","potentialAction":[{"@type":"CommentAction","name":"Comment","target":["https:\/\/essai-armes.fr\/es\/pourquoi-variante-k-p38-a-t-elle-ete-creee-histoire-usages\/#respond"]}]},{"@type":"WebPage","@id":"https:\/\/essai-armes.fr\/es\/pourquoi-variante-k-p38-a-t-elle-ete-creee-histoire-usages\/","url":"https:\/\/essai-armes.fr\/es\/pourquoi-variante-k-p38-a-t-elle-ete-creee-histoire-usages\/","name":"Pourquoi la variante \u00ab K \u00bb du P38 a-t-elle \u00e9t\u00e9 cr\u00e9\u00e9e : histoire et usages - Essai Armes","isPartOf":{"@id":"https:\/\/essai-armes.fr\/es\/#website"},"primaryImageOfPage":{"@id":"https:\/\/essai-armes.fr\/es\/pourquoi-variante-k-p38-a-t-elle-ete-creee-histoire-usages\/#primaryimage"},"image":{"@id":"https:\/\/essai-armes.fr\/es\/pourquoi-variante-k-p38-a-t-elle-ete-creee-histoire-usages\/#primaryimage"},"thumbnailUrl":"https:\/\/essai-armes.fr\/wp-content\/uploads\/2025\/09\/variante_k_histoire_p38_6744.jpg","datePublished":"2025-09-11T19:30:00+00:00","breadcrumb":{"@id":"https:\/\/essai-armes.fr\/es\/pourquoi-variante-k-p38-a-t-elle-ete-creee-histoire-usages\/#breadcrumb"},"inLanguage":"es","potentialAction":[{"@type":"ReadAction","target":["https:\/\/essai-armes.fr\/es\/pourquoi-variante-k-p38-a-t-elle-ete-creee-histoire-usages\/"]}]},{"@type":"ImageObject","inLanguage":"es","@id":"https:\/\/essai-armes.fr\/es\/pourquoi-variante-k-p38-a-t-elle-ete-creee-histoire-usages\/#primaryimage","url":"https:\/\/essai-armes.fr\/wp-content\/uploads\/2025\/09\/variante_k_histoire_p38_6744.jpg","contentUrl":"https:\/\/essai-armes.fr\/wp-content\/uploads\/2025\/09\/variante_k_histoire_p38_6744.jpg","width":1344,"height":896,"caption":"Pourquoi la variante \u00ab K \u00bb du P38 a-t-elle \u00e9t\u00e9 cr\u00e9\u00e9e : histoire et usages"},{"@type":"BreadcrumbList","@id":"https:\/\/essai-armes.fr\/es\/pourquoi-variante-k-p38-a-t-elle-ete-creee-histoire-usages\/#breadcrumb","itemListElement":[{"@type":"ListItem","position":1,"name":"Accueil","item":"https:\/\/essai-armes.fr\/"},{"@type":"ListItem","position":2,"name":"Pourquoi la variante \u00ab K \u00bb du P38 a-t-elle \u00e9t\u00e9 cr\u00e9\u00e9e : histoire et usages"}]},{"@type":"WebSite","@id":"https:\/\/essai-armes.fr\/es\/#website","url":"https:\/\/essai-armes.fr\/es\/","name":"Juicio por armas","description":"","publisher":{"@id":"https:\/\/essai-armes.fr\/es\/#organization"},"potentialAction":[{"@type":"SearchAction","target":{"@type":"EntryPoint","urlTemplate":"https:\/\/essai-armes.fr\/es\/?s={search_term_string}"},"query-input":{"@type":"PropertyValueSpecification","valueRequired":true,"valueName":"search_term_string"}}],"inLanguage":"es"},{"@type":"Organization","@id":"https:\/\/essai-armes.fr\/es\/#organization","name":"Juicio por armas","url":"https:\/\/essai-armes.fr\/es\/","logo":{"@type":"ImageObject","inLanguage":"es","@id":"https:\/\/essai-armes.fr\/es\/#\/schema\/logo\/image\/","url":"https:\/\/essai-armes.fr\/wp-content\/uploads\/2023\/06\/logo.png","contentUrl":"https:\/\/essai-armes.fr\/wp-content\/uploads\/2023\/06\/logo.png","width":624,"height":489,"caption":"Essai Armes"},"image":{"@id":"https:\/\/essai-armes.fr\/es\/#\/schema\/logo\/image\/"}},{"@type":"Person","@id":"https:\/\/essai-armes.fr\/es\/#\/schema\/person\/3ee005425b0b49de03b99036963c456d","name":"Damien","image":{"@type":"ImageObject","inLanguage":"es","@id":"https:\/\/secure.gravatar.com\/avatar\/ce38768ebaf5d044c623efd7ff10a6ad2e1bf4f59b1039f5295b8e35e82bb447?s=96&d=mm&r=g","url":"https:\/\/secure.gravatar.com\/avatar\/ce38768ebaf5d044c623efd7ff10a6ad2e1bf4f59b1039f5295b8e35e82bb447?s=96&d=mm&r=g","contentUrl":"https:\/\/secure.gravatar.com\/avatar\/ce38768ebaf5d044c623efd7ff10a6ad2e1bf4f59b1039f5295b8e35e82bb447?s=96&d=mm&r=g","caption":"Damien"},"url":"https:\/\/essai-armes.fr\/es\/author\/damien\/"}]}},"_links":{"self":[{"href":"https:\/\/essai-armes.fr\/es\/wp-json\/wp\/v2\/posts\/3205","targetHints":{"allow":["GET"]}}],"collection":[{"href":"https:\/\/essai-armes.fr\/es\/wp-json\/wp\/v2\/posts"}],"about":[{"href":"https:\/\/essai-armes.fr\/es\/wp-json\/wp\/v2\/types\/post"}],"author":[{"embeddable":true,"href":"https:\/\/essai-armes.fr\/es\/wp-json\/wp\/v2\/users\/2"}],"replies":[{"embeddable":true,"href":"https:\/\/essai-armes.fr\/es\/wp-json\/wp\/v2\/comments?post=3205"}],"version-history":[{"count":1,"href":"https:\/\/essai-armes.fr\/es\/wp-json\/wp\/v2\/posts\/3205\/revisions"}],"predecessor-version":[{"id":3244,"href":"https:\/\/essai-armes.fr\/es\/wp-json\/wp\/v2\/posts\/3205\/revisions\/3244"}],"wp:featuredmedia":[{"embeddable":true,"href":"https:\/\/essai-armes.fr\/es\/wp-json\/wp\/v2\/media\/3204"}],"wp:attachment":[{"href":"https:\/\/essai-armes.fr\/es\/wp-json\/wp\/v2\/media?parent=3205"}],"wp:term":[{"taxonomy":"category","embeddable":true,"href":"https:\/\/essai-armes.fr\/es\/wp-json\/wp\/v2\/categories?post=3205"},{"taxonomy":"post_tag","embeddable":true,"href":"https:\/\/essai-armes.fr\/es\/wp-json\/wp\/v2\/tags?post=3205"}],"curies":[{"name":"wp","href":"https:\/\/api.w.org\/{rel}","templated":true}]}}