{"id":2284,"date":"2025-04-05T00:10:23","date_gmt":"2025-04-05T00:10:23","guid":{"rendered":"https:\/\/essai-armes.fr\/?p=2284"},"modified":"2025-04-05T00:10:23","modified_gmt":"2025-04-05T00:10:23","slug":"comment-faire-valider-son-annee-darmee-retraite-demarches-droits","status":"publish","type":"post","link":"https:\/\/essai-armes.fr\/es\/comment-faire-valider-son-annee-darmee-retraite-demarches-droits\/","title":{"rendered":"Comment faire valider son ann\u00e9e d&rsquo;arm\u00e9e pour la retraite : d\u00e9marches et droits"},"content":{"rendered":"<p><strong>Resumen del art\u00edculo<\/strong><\/p>\n<p><p>La validation du service militaire pour la retraite requiert des documents sp\u00e9cifiques et suit des r\u00e8gles pr\u00e9cises.<\/p>\n<ul>\n<li>Les p\u00e9riodes de service militaire sont <strong>automatiquement prises en compte<\/strong> par l&rsquo;assurance retraite, avec un trimestre valid\u00e9 tous les 90 jours.<\/li>\n<li>Pour faire valider votre service, fournissez <em>l&rsquo;\u00e9tat signal\u00e9tique des services militaires<\/em> \u00e0 votre caisse de retraite principale.<\/li>\n<li>Un service militaire de plus d&rsquo;un an peut donner droit \u00e0 un <strong>5\u00e8me trimestre<\/strong> plac\u00e9 dans l&rsquo;ann\u00e9e la plus avantageuse.<\/li>\n<li>La validation s&rsquo;applique diff\u00e9remment selon les r\u00e9gimes de retraite, principalement pour la dur\u00e9e d&rsquo;assurance.<\/li>\n<\/ul>\n<p>Hey les gars ! C&rsquo;est Steve, votre armurier de quartier pr\u00e9f\u00e9r\u00e9. Aujourd&rsquo;hui, on va parler d&rsquo;un sujet qui n&rsquo;a rien \u00e0 voir avec les fusils \u00e0 pompe ou les 9mm &#8211; mais qui est tout aussi important pour vous, futurs retrait\u00e9s qui avez servi notre pays ! Je vois souvent d&rsquo;anciens militaires dans ma boutique qui ignorent comment faire valider leur service national pour leur retraite. Alors laissez-moi vous expliquer comment r\u00e9cup\u00e9rer ces trimestres bien m\u00e9rit\u00e9s !<\/p>\n<h2>Comment faire valider son service militaire pour la retraite<\/h2>\n<p>Pour commencer, sachez que chaque p\u00e9riode de service national compte pour votre retraite. En tant qu&rsquo;ancien r\u00e9serviste moi-m\u00eame (oui, j&rsquo;ai fait mon temps avant d&rsquo;ouvrir mon armurerie !), je peux vous confirmer que ces p\u00e9riodes sont automatiquement prises en compte par l&rsquo;assurance retraite &#8211; mais parfois, il faut donner un petit coup de pouce au syst\u00e8me.<\/p>\n<h3>Les d\u00e9marches \u00e0 entreprendre<\/h3>\n<p>Pour faire valider votre service militaire, vous devez contacter votre caisse de retraite. La d\u00e9marche est assez simple, mais n\u00e9cessite quelques documents sp\u00e9cifiques. J&rsquo;ai aid\u00e9 mon cousin \u00e0 faire cette d\u00e9marche l&rsquo;ann\u00e9e derni\u00e8re &#8211; il avait compl\u00e8tement oubli\u00e9 que son service militaire pouvait lui rapporter des trimestres !<\/p>\n<p>Voici les \u00e9tapes \u00e0 suivre :<\/p>\n<ol>\n<li>Rassemblez vos justificatifs (\u00e9tat signal\u00e9tique des services militaires)<\/li>\n<li>Contactez votre caisse de retraite principale<\/li>\n<li>Remplissez le formulaire de demande de validation<\/li>\n<li>Joignez les pi\u00e8ces justificatives demand\u00e9es<\/li>\n<\/ol>\n<h3>R\u00e8gles d&rsquo;attribution des trimestres<\/h3>\n<p>Le calcul des trimestres valid\u00e9s suit une r\u00e8gle pr\u00e9cise. Pour chaque p\u00e9riode de 90 jours de service, vous obtenez un trimestre. Mais attention, m\u00eame si vous avez fait moins de 90 jours, cela pourrait quand m\u00eame compter pour un trimestre. <strong>La validation de votre ann\u00e9e d&rsquo;arm\u00e9e pour la retraite<\/strong> ob\u00e9it \u00e0 des r\u00e8gles d&rsquo;arrondi assez favorables.<\/p>\n<p>Par exemple, si vous avez servi 89 jours, vous aurez droit \u00e0 un trimestre complet. C&rsquo;est comme quand j&rsquo;applique une remise sur <a href=\"https:\/\/essai-armes.fr\/es\/comment-acheter-arme-categorie-c-legalement-guide-etape-etape\/\">l&rsquo;achat d&rsquo;une arme de cat\u00e9gorie C dans mon magasin<\/a> &#8211; j&rsquo;arrondis toujours en faveur du client !<\/p>\n<h3>Le cas particulier du 5\u00e8me trimestre<\/h3>\n<p>Si vous avez effectu\u00e9 un service militaire de plus d&rsquo;un an, vous pourriez avoir droit \u00e0 un 5\u00e8me trimestre. L&rsquo;assurance retraite placera automatiquement ce trimestre dans l&rsquo;ann\u00e9e qui vous est la plus avantageuse. C&rsquo;est un peu comme quand je vous conseille le meilleur fusil pour la chasse &#8211; je cherche toujours ce qui vous apportera le plus de satisfaction !<\/p>\n<h2>Les justificatifs n\u00e9cessaires pour valider ses trimestres<\/h2>\n<p>Pour prouver votre service militaire, vous aurez besoin de documents sp\u00e9cifiques. J&rsquo;ai gard\u00e9 tous mes papiers militaires dans le m\u00eame coffre o\u00f9 je range mes <a href=\"https:\/\/essai-armes.fr\/es\/que-armas-estan-autorizadas-reglamentos-legislacion\/\">armes autoris\u00e9es selon la r\u00e9glementation en vigueur<\/a>. La s\u00e9curit\u00e9 avant tout, comme je dis toujours !<\/p>\n<p>Le document principal \u00e0 fournir est l&rsquo;\u00e9tat signal\u00e9tique des services militaires. Si vous ne l&rsquo;avez plus, pas de panique ! Vous pouvez le demander au bureau du service national de votre r\u00e9gion.<\/p>\n<p>Voici un tableau r\u00e9capitulatif des documents n\u00e9cessaires :<\/p>\n<table>\n<tr>\n<th>Documento<\/th>\n<th>O\u00f9 l&rsquo;obtenir<\/th>\n<th>D\u00e9lai habituel<\/th>\n<\/tr>\n<tr>\n<td>\u00c9tat signal\u00e9tique des services militaires<\/td>\n<td>Bureau du service national<\/td>\n<td>4 \u00e0 6 semaines<\/td>\n<\/tr>\n<tr>\n<td>Livret militaire<\/td>\n<td>Vos archives personnelles<\/td>\n<td>Imm\u00e9diat<\/td>\n<\/tr>\n<tr>\n<td>Attestation de position militaire<\/td>\n<td>Centre du service national<\/td>\n<td>2 \u00e0 4 semaines<\/td>\n<\/tr>\n<\/table>\n<h3>O\u00f9 et comment demander ces documents<\/h3>\n<p>Si vous avez \u00e9gar\u00e9 vos documents militaires (\u00e7a arrive, m\u00eame aux meilleurs d&rsquo;entre nous !), vous pouvez les demander aupr\u00e8s du centre d&rsquo;archives des arm\u00e9es. Pour ma part, je classe mes documents aussi m\u00e9ticuleusement que je nettoie mes armes &#8211; une habitude que j&rsquo;ai gard\u00e9e de l&rsquo;arm\u00e9e !<\/p>\n<p>Il y a plusieurs fa\u00e7ons de faire cette demande :<\/p>\n<ul>\n<li>Par courrier au bureau du service national de votre r\u00e9gion<\/li>\n<li>Via le site internet du minist\u00e8re des Arm\u00e9es<\/li>\n<li>En vous rendant personnellement dans un centre du service national<\/li>\n<\/ul>\n<h2>Impact du service militaire sur les diff\u00e9rents r\u00e9gimes de retraite<\/h2>\n<p>Le service militaire est comptabilis\u00e9 diff\u00e9remment selon votre r\u00e9gime de retraite. <em>Les p\u00e9riodes de service national sont prises en compte tant pour la retraite de base que pour certaines retraites compl\u00e9mentaires<\/em>, mais les r\u00e8gles varient.<\/p>\n<h3>Prise en compte pour la retraite de base<\/h3>\n<p>Pour le r\u00e9gime g\u00e9n\u00e9ral, chaque p\u00e9riode de 90 jours valid\u00e9e compte pour un trimestre. Ces trimestres sont pris en compte pour le calcul de la dur\u00e9e d&rsquo;assurance et peuvent vous aider \u00e0 atteindre le taux plein plus rapidement. C&rsquo;est comme lorsque vous \u00e9conomisez pour vous offrir un bon fusil de chasse &#8211; chaque euro compte et vous rapproche de votre objectif !<\/p>\n<p>M\u00eame si vous n&rsquo;avez pas cotis\u00e9 pendant cette p\u00e9riode, ces trimestres sont valid\u00e9s gratuitement. <strong>La validation des p\u00e9riodes de service militaire pour la retraite<\/strong> est un droit que l&rsquo;\u00c9tat reconna\u00eet \u00e0 tous ceux qui ont servi.<\/p>\n<h3>Impact sur les retraites compl\u00e9mentaires<\/h3>\n<p>Pour l&rsquo;Agirc-Arrco et autres caisses compl\u00e9mentaires, les r\u00e8gles sont diff\u00e9rentes. G\u00e9n\u00e9ralement, le service militaire n&rsquo;est pas pris en compte pour les points de retraite compl\u00e9mentaire, mais uniquement pour la dur\u00e9e d&rsquo;assurance.<\/p>\n<p>Cela dit, certains r\u00e9gimes sp\u00e9ciaux ont leurs propres r\u00e8gles. Je connais un client qui travaillait \u00e0 la SNCF, et pour lui, son service militaire a \u00e9t\u00e9 comptabilis\u00e9 diff\u00e9remment. C&rsquo;est un peu comme les diff\u00e9rentes cat\u00e9gories d&rsquo;armes &#8211; chacune a ses propres r\u00e8gles et restrictions !<\/p>\n<h2>Les \u00e9volutions r\u00e9centes de la l\u00e9gislation<\/h2>\n<p>Les r\u00e9formes des retraites ont modifi\u00e9 certaines r\u00e8gles concernant la validation du service militaire. Restez inform\u00e9s des changements l\u00e9gislatifs qui pourraient affecter vos droits.<\/p>\n<p>\u00c0 l&rsquo;heure actuelle, le service militaire reste un avantage pour votre retraite, mais les modalit\u00e9s de calcul \u00e9voluent. C&rsquo;est comme la l\u00e9gislation sur les armes &#8211; il faut se tenir inform\u00e9 des changements pour rester en r\u00e8gle !<\/p>\n<p>N&rsquo;h\u00e9sitez pas \u00e0 consulter r\u00e9guli\u00e8rement le site de l&rsquo;Assurance retraite ou \u00e0 contacter directement votre caisse pour obtenir les informations les plus \u00e0 jour concernant votre situation personnelle.<\/p>\n<p>Fuentes externas :<br \/>\n<a href=\"https:\/\/fr.wikipedia.org\/wiki\/Glossaire_des_armes_%C3%A0_feu\">glosario de armas de fuego<\/a><br \/>\n<a href=\"https:\/\/fr.wikipedia.org\/wiki\/Portail:Armes\">wiki de armas<\/a><\/p>\n<div style='text-align:center;'><iframe width='560' height='315' src='https:\/\/www.youtube.com\/embed\/Ny6cszrWJog' frameborder='0' allow='accelerometer; autoplay; clipboard-write; encrypted-media; gyroscope; picture-in-picture' allowfullscreen><\/iframe><\/div>","protected":false},"excerpt":{"rendered":"<p>L&rsquo;article en bref La validation du service militaire pour la retraite requiert des documents sp\u00e9cifiques et suit des r\u00e8gles pr\u00e9cises. Les p\u00e9riodes de service militaire sont automatiquement prises en compte par l&rsquo;assurance retraite, avec un trimestre valid\u00e9 tous les 90 jours. Pour faire valider votre service, fournissez l&rsquo;\u00e9tat signal\u00e9tique des services militaires \u00e0 votre caisse &#8230; <a title=\"Comment faire valider son ann\u00e9e d&rsquo;arm\u00e9e pour la retraite : d\u00e9marches et droits\" class=\"read-more\" href=\"https:\/\/essai-armes.fr\/es\/comment-faire-valider-son-annee-darmee-retraite-demarches-droits\/\" aria-label=\"Leer m\u00e1s sobre Comment faire valider son ann\u00e9e d&rsquo;arm\u00e9e pour la retraite : d\u00e9marches et droits\">Leer m\u00e1s<\/a><\/p>","protected":false},"author":2,"featured_media":2283,"comment_status":"open","ping_status":"","sticky":false,"template":"","format":"standard","meta":{"footnotes":""},"categories":[1],"tags":[],"class_list":["post-2284","post","type-post","status-publish","format-standard","has-post-thumbnail","hentry","category-blog"],"yoast_head":"<!-- This site is optimized with the Yoast SEO plugin v27.4 - https:\/\/yoast.com\/product\/yoast-seo-wordpress\/ -->\n<title>Comment faire valider son ann\u00e9e d&#039;arm\u00e9e pour la retraite : d\u00e9marches et droits - Essai Armes<\/title>\n<meta name=\"robots\" content=\"index, follow, max-snippet:-1, max-image-preview:large, max-video-preview:-1\" \/>\n<link rel=\"canonical\" href=\"https:\/\/essai-armes.fr\/es\/comment-faire-valider-son-annee-darmee-retraite-demarches-droits\/\" \/>\n<meta property=\"og:locale\" content=\"es_ES\" \/>\n<meta property=\"og:type\" content=\"article\" \/>\n<meta property=\"og:title\" content=\"Comment faire valider son ann\u00e9e d&#039;arm\u00e9e pour la retraite : d\u00e9marches et droits - Essai Armes\" \/>\n<meta property=\"og:description\" content=\"L&rsquo;article en bref La validation du service militaire pour la retraite requiert des documents sp\u00e9cifiques et suit des r\u00e8gles pr\u00e9cises. Les p\u00e9riodes de service militaire sont automatiquement prises en compte par l&rsquo;assurance retraite, avec un trimestre valid\u00e9 tous les 90 jours. Pour faire valider votre service, fournissez l&rsquo;\u00e9tat signal\u00e9tique des services militaires \u00e0 votre caisse ... Leer m\u00e1s\" \/>\n<meta property=\"og:url\" content=\"https:\/\/essai-armes.fr\/es\/comment-faire-valider-son-annee-darmee-retraite-demarches-droits\/\" \/>\n<meta property=\"og:site_name\" content=\"Essai Armes\" \/>\n<meta property=\"article:published_time\" content=\"2025-04-05T00:10:23+00:00\" \/>\n<meta property=\"og:image\" content=\"https:\/\/essai-armes.fr\/wp-content\/uploads\/2025\/04\/validation_annees_armee_pour_retraite_7886.jpg\" \/>\n\t<meta property=\"og:image:width\" content=\"1344\" \/>\n\t<meta property=\"og:image:height\" content=\"896\" \/>\n\t<meta property=\"og:image:type\" content=\"image\/jpeg\" \/>\n<meta name=\"author\" content=\"Damien\" \/>\n<meta name=\"twitter:card\" content=\"summary_large_image\" \/>\n<meta name=\"twitter:label1\" content=\"Escrito por\" \/>\n\t<meta name=\"twitter:data1\" content=\"Damien\" \/>\n\t<meta name=\"twitter:label2\" content=\"Tiempo de lectura\" \/>\n\t<meta name=\"twitter:data2\" content=\"6 minutos\" \/>\n<script type=\"application\/ld+json\" class=\"yoast-schema-graph\">{\"@context\":\"https:\\\/\\\/schema.org\",\"@graph\":[{\"@type\":\"Article\",\"@id\":\"https:\\\/\\\/essai-armes.fr\\\/es\\\/comment-faire-valider-son-annee-darmee-retraite-demarches-droits\\\/#article\",\"isPartOf\":{\"@id\":\"https:\\\/\\\/essai-armes.fr\\\/es\\\/comment-faire-valider-son-annee-darmee-retraite-demarches-droits\\\/\"},\"author\":{\"name\":\"Damien\",\"@id\":\"https:\\\/\\\/essai-armes.fr\\\/es\\\/#\\\/schema\\\/person\\\/3ee005425b0b49de03b99036963c456d\"},\"headline\":\"Comment faire valider son ann\u00e9e d&rsquo;arm\u00e9e pour la retraite : d\u00e9marches et droits\",\"datePublished\":\"2025-04-05T00:10:23+00:00\",\"mainEntityOfPage\":{\"@id\":\"https:\\\/\\\/essai-armes.fr\\\/es\\\/comment-faire-valider-son-annee-darmee-retraite-demarches-droits\\\/\"},\"wordCount\":1170,\"commentCount\":0,\"publisher\":{\"@id\":\"https:\\\/\\\/essai-armes.fr\\\/es\\\/#organization\"},\"image\":{\"@id\":\"https:\\\/\\\/essai-armes.fr\\\/es\\\/comment-faire-valider-son-annee-darmee-retraite-demarches-droits\\\/#primaryimage\"},\"thumbnailUrl\":\"https:\\\/\\\/essai-armes.fr\\\/wp-content\\\/uploads\\\/2025\\\/04\\\/validation_annees_armee_pour_retraite_7886.jpg\",\"articleSection\":[\"Blog\"],\"inLanguage\":\"es\",\"potentialAction\":[{\"@type\":\"CommentAction\",\"name\":\"Comment\",\"target\":[\"https:\\\/\\\/essai-armes.fr\\\/es\\\/comment-faire-valider-son-annee-darmee-retraite-demarches-droits\\\/#respond\"]}]},{\"@type\":\"WebPage\",\"@id\":\"https:\\\/\\\/essai-armes.fr\\\/es\\\/comment-faire-valider-son-annee-darmee-retraite-demarches-droits\\\/\",\"url\":\"https:\\\/\\\/essai-armes.fr\\\/es\\\/comment-faire-valider-son-annee-darmee-retraite-demarches-droits\\\/\",\"name\":\"Comment faire valider son ann\u00e9e d'arm\u00e9e pour la retraite : d\u00e9marches et droits - Essai Armes\",\"isPartOf\":{\"@id\":\"https:\\\/\\\/essai-armes.fr\\\/es\\\/#website\"},\"primaryImageOfPage\":{\"@id\":\"https:\\\/\\\/essai-armes.fr\\\/es\\\/comment-faire-valider-son-annee-darmee-retraite-demarches-droits\\\/#primaryimage\"},\"image\":{\"@id\":\"https:\\\/\\\/essai-armes.fr\\\/es\\\/comment-faire-valider-son-annee-darmee-retraite-demarches-droits\\\/#primaryimage\"},\"thumbnailUrl\":\"https:\\\/\\\/essai-armes.fr\\\/wp-content\\\/uploads\\\/2025\\\/04\\\/validation_annees_armee_pour_retraite_7886.jpg\",\"datePublished\":\"2025-04-05T00:10:23+00:00\",\"breadcrumb\":{\"@id\":\"https:\\\/\\\/essai-armes.fr\\\/es\\\/comment-faire-valider-son-annee-darmee-retraite-demarches-droits\\\/#breadcrumb\"},\"inLanguage\":\"es\",\"potentialAction\":[{\"@type\":\"ReadAction\",\"target\":[\"https:\\\/\\\/essai-armes.fr\\\/es\\\/comment-faire-valider-son-annee-darmee-retraite-demarches-droits\\\/\"]}]},{\"@type\":\"ImageObject\",\"inLanguage\":\"es\",\"@id\":\"https:\\\/\\\/essai-armes.fr\\\/es\\\/comment-faire-valider-son-annee-darmee-retraite-demarches-droits\\\/#primaryimage\",\"url\":\"https:\\\/\\\/essai-armes.fr\\\/wp-content\\\/uploads\\\/2025\\\/04\\\/validation_annees_armee_pour_retraite_7886.jpg\",\"contentUrl\":\"https:\\\/\\\/essai-armes.fr\\\/wp-content\\\/uploads\\\/2025\\\/04\\\/validation_annees_armee_pour_retraite_7886.jpg\",\"width\":1344,\"height\":896,\"caption\":\"Comment faire valider son ann\u00e9e d'arm\u00e9e pour la retraite : d\u00e9marches et droits\"},{\"@type\":\"BreadcrumbList\",\"@id\":\"https:\\\/\\\/essai-armes.fr\\\/es\\\/comment-faire-valider-son-annee-darmee-retraite-demarches-droits\\\/#breadcrumb\",\"itemListElement\":[{\"@type\":\"ListItem\",\"position\":1,\"name\":\"Accueil\",\"item\":\"https:\\\/\\\/essai-armes.fr\\\/\"},{\"@type\":\"ListItem\",\"position\":2,\"name\":\"Comment faire valider son ann\u00e9e d&rsquo;arm\u00e9e pour la retraite : d\u00e9marches et droits\"}]},{\"@type\":\"WebSite\",\"@id\":\"https:\\\/\\\/essai-armes.fr\\\/es\\\/#website\",\"url\":\"https:\\\/\\\/essai-armes.fr\\\/es\\\/\",\"name\":\"Essai Armes\",\"description\":\"\",\"publisher\":{\"@id\":\"https:\\\/\\\/essai-armes.fr\\\/es\\\/#organization\"},\"potentialAction\":[{\"@type\":\"SearchAction\",\"target\":{\"@type\":\"EntryPoint\",\"urlTemplate\":\"https:\\\/\\\/essai-armes.fr\\\/es\\\/?s={search_term_string}\"},\"query-input\":{\"@type\":\"PropertyValueSpecification\",\"valueRequired\":true,\"valueName\":\"search_term_string\"}}],\"inLanguage\":\"es\"},{\"@type\":\"Organization\",\"@id\":\"https:\\\/\\\/essai-armes.fr\\\/es\\\/#organization\",\"name\":\"Essai Armes\",\"url\":\"https:\\\/\\\/essai-armes.fr\\\/es\\\/\",\"logo\":{\"@type\":\"ImageObject\",\"inLanguage\":\"es\",\"@id\":\"https:\\\/\\\/essai-armes.fr\\\/es\\\/#\\\/schema\\\/logo\\\/image\\\/\",\"url\":\"https:\\\/\\\/essai-armes.fr\\\/wp-content\\\/uploads\\\/2023\\\/06\\\/logo.png\",\"contentUrl\":\"https:\\\/\\\/essai-armes.fr\\\/wp-content\\\/uploads\\\/2023\\\/06\\\/logo.png\",\"width\":624,\"height\":489,\"caption\":\"Essai Armes\"},\"image\":{\"@id\":\"https:\\\/\\\/essai-armes.fr\\\/es\\\/#\\\/schema\\\/logo\\\/image\\\/\"}},{\"@type\":\"Person\",\"@id\":\"https:\\\/\\\/essai-armes.fr\\\/es\\\/#\\\/schema\\\/person\\\/3ee005425b0b49de03b99036963c456d\",\"name\":\"Damien\",\"image\":{\"@type\":\"ImageObject\",\"inLanguage\":\"es\",\"@id\":\"https:\\\/\\\/secure.gravatar.com\\\/avatar\\\/ce38768ebaf5d044c623efd7ff10a6ad2e1bf4f59b1039f5295b8e35e82bb447?s=96&d=mm&r=g\",\"url\":\"https:\\\/\\\/secure.gravatar.com\\\/avatar\\\/ce38768ebaf5d044c623efd7ff10a6ad2e1bf4f59b1039f5295b8e35e82bb447?s=96&d=mm&r=g\",\"contentUrl\":\"https:\\\/\\\/secure.gravatar.com\\\/avatar\\\/ce38768ebaf5d044c623efd7ff10a6ad2e1bf4f59b1039f5295b8e35e82bb447?s=96&d=mm&r=g\",\"caption\":\"Damien\"},\"url\":\"https:\\\/\\\/essai-armes.fr\\\/es\\\/author\\\/damien\\\/\"}]}<\/script>\n<!-- \/ Yoast SEO plugin. -->","yoast_head_json":{"title":"Comment faire valider son ann\u00e9e d'arm\u00e9e pour la retraite : d\u00e9marches et droits - Essai Armes","robots":{"index":"index","follow":"follow","max-snippet":"max-snippet:-1","max-image-preview":"max-image-preview:large","max-video-preview":"max-video-preview:-1"},"canonical":"https:\/\/essai-armes.fr\/es\/comment-faire-valider-son-annee-darmee-retraite-demarches-droits\/","og_locale":"es_ES","og_type":"article","og_title":"Comment faire valider son ann\u00e9e d'arm\u00e9e pour la retraite : d\u00e9marches et droits - Essai Armes","og_description":"L&rsquo;article en bref La validation du service militaire pour la retraite requiert des documents sp\u00e9cifiques et suit des r\u00e8gles pr\u00e9cises. Les p\u00e9riodes de service militaire sont automatiquement prises en compte par l&rsquo;assurance retraite, avec un trimestre valid\u00e9 tous les 90 jours. Pour faire valider votre service, fournissez l&rsquo;\u00e9tat signal\u00e9tique des services militaires \u00e0 votre caisse ... Leer m\u00e1s","og_url":"https:\/\/essai-armes.fr\/es\/comment-faire-valider-son-annee-darmee-retraite-demarches-droits\/","og_site_name":"Essai Armes","article_published_time":"2025-04-05T00:10:23+00:00","og_image":[{"width":1344,"height":896,"url":"https:\/\/essai-armes.fr\/wp-content\/uploads\/2025\/04\/validation_annees_armee_pour_retraite_7886.jpg","type":"image\/jpeg"}],"author":"Damien","twitter_card":"summary_large_image","twitter_misc":{"Escrito por":"Damien","Tiempo de lectura":"6 minutos"},"schema":{"@context":"https:\/\/schema.org","@graph":[{"@type":"Article","@id":"https:\/\/essai-armes.fr\/es\/comment-faire-valider-son-annee-darmee-retraite-demarches-droits\/#article","isPartOf":{"@id":"https:\/\/essai-armes.fr\/es\/comment-faire-valider-son-annee-darmee-retraite-demarches-droits\/"},"author":{"name":"Damien","@id":"https:\/\/essai-armes.fr\/es\/#\/schema\/person\/3ee005425b0b49de03b99036963c456d"},"headline":"Comment faire valider son ann\u00e9e d&rsquo;arm\u00e9e pour la retraite : d\u00e9marches et droits","datePublished":"2025-04-05T00:10:23+00:00","mainEntityOfPage":{"@id":"https:\/\/essai-armes.fr\/es\/comment-faire-valider-son-annee-darmee-retraite-demarches-droits\/"},"wordCount":1170,"commentCount":0,"publisher":{"@id":"https:\/\/essai-armes.fr\/es\/#organization"},"image":{"@id":"https:\/\/essai-armes.fr\/es\/comment-faire-valider-son-annee-darmee-retraite-demarches-droits\/#primaryimage"},"thumbnailUrl":"https:\/\/essai-armes.fr\/wp-content\/uploads\/2025\/04\/validation_annees_armee_pour_retraite_7886.jpg","articleSection":["Blog"],"inLanguage":"es","potentialAction":[{"@type":"CommentAction","name":"Comment","target":["https:\/\/essai-armes.fr\/es\/comment-faire-valider-son-annee-darmee-retraite-demarches-droits\/#respond"]}]},{"@type":"WebPage","@id":"https:\/\/essai-armes.fr\/es\/comment-faire-valider-son-annee-darmee-retraite-demarches-droits\/","url":"https:\/\/essai-armes.fr\/es\/comment-faire-valider-son-annee-darmee-retraite-demarches-droits\/","name":"Comment faire valider son ann\u00e9e d'arm\u00e9e pour la retraite : d\u00e9marches et droits - Essai Armes","isPartOf":{"@id":"https:\/\/essai-armes.fr\/es\/#website"},"primaryImageOfPage":{"@id":"https:\/\/essai-armes.fr\/es\/comment-faire-valider-son-annee-darmee-retraite-demarches-droits\/#primaryimage"},"image":{"@id":"https:\/\/essai-armes.fr\/es\/comment-faire-valider-son-annee-darmee-retraite-demarches-droits\/#primaryimage"},"thumbnailUrl":"https:\/\/essai-armes.fr\/wp-content\/uploads\/2025\/04\/validation_annees_armee_pour_retraite_7886.jpg","datePublished":"2025-04-05T00:10:23+00:00","breadcrumb":{"@id":"https:\/\/essai-armes.fr\/es\/comment-faire-valider-son-annee-darmee-retraite-demarches-droits\/#breadcrumb"},"inLanguage":"es","potentialAction":[{"@type":"ReadAction","target":["https:\/\/essai-armes.fr\/es\/comment-faire-valider-son-annee-darmee-retraite-demarches-droits\/"]}]},{"@type":"ImageObject","inLanguage":"es","@id":"https:\/\/essai-armes.fr\/es\/comment-faire-valider-son-annee-darmee-retraite-demarches-droits\/#primaryimage","url":"https:\/\/essai-armes.fr\/wp-content\/uploads\/2025\/04\/validation_annees_armee_pour_retraite_7886.jpg","contentUrl":"https:\/\/essai-armes.fr\/wp-content\/uploads\/2025\/04\/validation_annees_armee_pour_retraite_7886.jpg","width":1344,"height":896,"caption":"Comment faire valider son ann\u00e9e d'arm\u00e9e pour la retraite : d\u00e9marches et droits"},{"@type":"BreadcrumbList","@id":"https:\/\/essai-armes.fr\/es\/comment-faire-valider-son-annee-darmee-retraite-demarches-droits\/#breadcrumb","itemListElement":[{"@type":"ListItem","position":1,"name":"Accueil","item":"https:\/\/essai-armes.fr\/"},{"@type":"ListItem","position":2,"name":"Comment faire valider son ann\u00e9e d&rsquo;arm\u00e9e pour la retraite : d\u00e9marches et droits"}]},{"@type":"WebSite","@id":"https:\/\/essai-armes.fr\/es\/#website","url":"https:\/\/essai-armes.fr\/es\/","name":"Juicio por armas","description":"","publisher":{"@id":"https:\/\/essai-armes.fr\/es\/#organization"},"potentialAction":[{"@type":"SearchAction","target":{"@type":"EntryPoint","urlTemplate":"https:\/\/essai-armes.fr\/es\/?s={search_term_string}"},"query-input":{"@type":"PropertyValueSpecification","valueRequired":true,"valueName":"search_term_string"}}],"inLanguage":"es"},{"@type":"Organization","@id":"https:\/\/essai-armes.fr\/es\/#organization","name":"Juicio por armas","url":"https:\/\/essai-armes.fr\/es\/","logo":{"@type":"ImageObject","inLanguage":"es","@id":"https:\/\/essai-armes.fr\/es\/#\/schema\/logo\/image\/","url":"https:\/\/essai-armes.fr\/wp-content\/uploads\/2023\/06\/logo.png","contentUrl":"https:\/\/essai-armes.fr\/wp-content\/uploads\/2023\/06\/logo.png","width":624,"height":489,"caption":"Essai Armes"},"image":{"@id":"https:\/\/essai-armes.fr\/es\/#\/schema\/logo\/image\/"}},{"@type":"Person","@id":"https:\/\/essai-armes.fr\/es\/#\/schema\/person\/3ee005425b0b49de03b99036963c456d","name":"Damien","image":{"@type":"ImageObject","inLanguage":"es","@id":"https:\/\/secure.gravatar.com\/avatar\/ce38768ebaf5d044c623efd7ff10a6ad2e1bf4f59b1039f5295b8e35e82bb447?s=96&d=mm&r=g","url":"https:\/\/secure.gravatar.com\/avatar\/ce38768ebaf5d044c623efd7ff10a6ad2e1bf4f59b1039f5295b8e35e82bb447?s=96&d=mm&r=g","contentUrl":"https:\/\/secure.gravatar.com\/avatar\/ce38768ebaf5d044c623efd7ff10a6ad2e1bf4f59b1039f5295b8e35e82bb447?s=96&d=mm&r=g","caption":"Damien"},"url":"https:\/\/essai-armes.fr\/es\/author\/damien\/"}]}},"_links":{"self":[{"href":"https:\/\/essai-armes.fr\/es\/wp-json\/wp\/v2\/posts\/2284","targetHints":{"allow":["GET"]}}],"collection":[{"href":"https:\/\/essai-armes.fr\/es\/wp-json\/wp\/v2\/posts"}],"about":[{"href":"https:\/\/essai-armes.fr\/es\/wp-json\/wp\/v2\/types\/post"}],"author":[{"embeddable":true,"href":"https:\/\/essai-armes.fr\/es\/wp-json\/wp\/v2\/users\/2"}],"replies":[{"embeddable":true,"href":"https:\/\/essai-armes.fr\/es\/wp-json\/wp\/v2\/comments?post=2284"}],"version-history":[{"count":1,"href":"https:\/\/essai-armes.fr\/es\/wp-json\/wp\/v2\/posts\/2284\/revisions"}],"predecessor-version":[{"id":2336,"href":"https:\/\/essai-armes.fr\/es\/wp-json\/wp\/v2\/posts\/2284\/revisions\/2336"}],"wp:featuredmedia":[{"embeddable":true,"href":"https:\/\/essai-armes.fr\/es\/wp-json\/wp\/v2\/media\/2283"}],"wp:attachment":[{"href":"https:\/\/essai-armes.fr\/es\/wp-json\/wp\/v2\/media?parent=2284"}],"wp:term":[{"taxonomy":"category","embeddable":true,"href":"https:\/\/essai-armes.fr\/es\/wp-json\/wp\/v2\/categories?post=2284"},{"taxonomy":"post_tag","embeddable":true,"href":"https:\/\/essai-armes.fr\/es\/wp-json\/wp\/v2\/tags?post=2284"}],"curies":[{"name":"wp","href":"https:\/\/api.w.org\/{rel}","templated":true}]}}