{"id":2077,"date":"2025-01-24T01:26:00","date_gmt":"2025-01-24T01:26:00","guid":{"rendered":"https:\/\/essai-armes.fr\/linde-simmisce-projet-drone-europeen-que-mijote-t-elle-vraiment\/"},"modified":"2025-01-24T01:26:00","modified_gmt":"2025-01-24T01:26:00","slug":"linde-simmisce-projet-drone-europeen-que-mijote-t-elle-vraiment","status":"publish","type":"post","link":"https:\/\/essai-armes.fr\/es\/linde-simmisce-projet-drone-europeen-que-mijote-t-elle-vraiment\/","title":{"rendered":"L&rsquo;Inde s&rsquo;immisce dans le projet de drone europ\u00e9en : que mijote-t-elle vraiment ?"},"content":{"rendered":"<p><strong>Resumen del art\u00edculo<\/strong><p>L&rsquo;Inde devient observateur du programme europ\u00e9en de drone MALE, marquant un tournant dans la coop\u00e9ration internationale en mati\u00e8re de d\u00e9fense.<\/p>\n<ul>\n<li><strong>Statut d&rsquo;observateur<\/strong> : L&rsquo;Inde rejoint le Japon comme <em>deuxi\u00e8me pays observateur<\/em> du programme<\/li>\n<li><strong>Enjeux strat\u00e9giques<\/strong> : Acc\u00e8s aux <em>technologies de pointe<\/em> en mati\u00e8re de drones<\/li>\n<li><strong>Collaboration indo-europ\u00e9enne<\/strong> : Potentiel de <em>futurs partenariats<\/em> et opportunit\u00e9s commerciales<\/li>\n<li><strong>D\u00e9fis<\/strong> : Surmonter les <em>retards du programme<\/em> et r\u00e9pondre aux exigences techniques<\/li>\n<li><strong>Perspectives<\/strong> : Renforcement des <em>liens diplomatiques<\/em> et technologiques entre l&rsquo;Inde et l&rsquo;Europe<\/li>\n<\/ul>\n<p>Salut les amis ! Aujourd&rsquo;hui, je vais vous parler d&rsquo;une nouvelle qui fait pas mal de bruit dans le monde de la d\u00e9fense. Figurez-vous que l&rsquo;Inde vient de rejoindre le programme europ\u00e9en de drone MALE en tant qu&rsquo;observateur. \u00c7a peut para\u00eetre un peu barbare comme \u00e7a, mais ne vous inqui\u00e9tez pas, je vais tout vous expliquer !<\/p>\n<h2>Un nouveau joueur dans l&rsquo;ar\u00e8ne des drones europ\u00e9ens<\/h2>\n<p>L&rsquo;Inde, ce g\u00e9ant asiatique, vient de faire son entr\u00e9e dans le club tr\u00e8s select du programme europ\u00e9en de drone MALE. Mais attention, elle n&rsquo;est pas encore membre \u00e0 part enti\u00e8re, elle a juste obtenu le statut d&rsquo;observateur. C&rsquo;est comme si elle avait un si\u00e8ge au fond de la salle, sans droit de vote, mais avec la possibilit\u00e9 d&rsquo;\u00e9couter et d&rsquo;apprendre.<\/p>\n<h3>Le programme EuroDrone en bref<\/h3>\n<p>Avant d&rsquo;aller plus loin, laissez-moi vous expliquer ce qu&rsquo;est ce fameux programme EuroDrone. Il s&rsquo;agit d&rsquo;un projet ambitieux lanc\u00e9 en 2013 par des g\u00e9ants de l&rsquo;a\u00e9ronautique comme Airbus, Dassault et Leonardo. L&rsquo;objectif ? D\u00e9velopper un drone de <strong>Moyenne Altitude Longue Endurance<\/strong> (MALE) 100% europ\u00e9en. C&rsquo;est un peu comme si on voulait cr\u00e9er le couteau suisse des drones !<\/p>\n<h3>L&rsquo;Inde, deuxi\u00e8me observateur apr\u00e8s le Japon<\/h3>\n<p>L&rsquo;Inde n&rsquo;est pas la premi\u00e8re \u00e0 obtenir ce statut d&rsquo;observateur. Le Japon l&rsquo;a devanc\u00e9e de peu, ayant rejoint le programme en d\u00e9cembre 2023. C&rsquo;est un peu comme une course \u00e0 la technologie militaire, et croyez-moi, je sais de quoi je parle quand il s&rsquo;agit de course aux armements !<\/p>\n<h3>Les enjeux pour l&rsquo;Inde<\/h3>\n<p>Mais pourquoi l&rsquo;Inde s&rsquo;int\u00e9resse-t-elle \u00e0 ce programme ? Eh bien, imaginez un peu : avoir acc\u00e8s aux derni\u00e8res technologies en mati\u00e8re de drones, \u00e7a peut \u00eatre un sacr\u00e9 atout strat\u00e9gique. C&rsquo;est comme avoir <a href=\"https:\/\/essai-armes.fr\/es\/comment-fonctionnent-lunettes-visee-longue-portee-explications\/\">une lunette de vis\u00e9e \u00e0 longue port\u00e9e<\/a> sur un fusil de pr\u00e9cision, \u00e7a change la donne !<\/p>\n<h2>Les coulisses d&rsquo;une d\u00e9cision strat\u00e9gique<\/h2>\n<p>La d\u00e9cision de l&rsquo;Inde de rejoindre le programme EuroDrone ne s&rsquo;est pas faite du jour au lendemain. C&rsquo;est le r\u00e9sultat de longues n\u00e9gociations et de consid\u00e9rations g\u00e9opolitiques complexes. Laissez-moi vous en dire plus sur les dessous de cette affaire.<\/p>\n<h3>Un rapprochement indo-europ\u00e9en<\/h3>\n<p>En octobre dernier, lors d&rsquo;une rencontre entre le chancelier allemand Olaf Scholz et le Premier ministre indien Narendra Modi, l&rsquo;Allemagne a salu\u00e9 la volont\u00e9 de l&rsquo;Inde de rejoindre le programme EuroDrone. C&rsquo;est un peu comme si l&rsquo;Inde frappait \u00e0 la porte de l&rsquo;Europe en disant : \u00ab\u00a0H\u00e9, on peut jouer avec vous ?\u00a0\u00bb<\/p>\n<h3>Les avantages pour l&rsquo;Europe<\/h3>\n<p>Pour l&rsquo;Europe, accueillir l&rsquo;Inde dans ce programme, m\u00eame en tant qu&rsquo;observateur, c&rsquo;est une belle opportunit\u00e9. \u00c7a pourrait ouvrir la voie \u00e0 de futures collaborations et, qui sait, peut-\u00eatre m\u00eame \u00e0 des contrats juteux. Dans mon armurerie, j&rsquo;ai appris que les bonnes relations, \u00e7a peut rapporter gros !<\/p>\n<h3>Les d\u00e9fis \u00e0 relever<\/h3>\n<p>Bien s\u00fbr, tout n&rsquo;est pas rose dans cette histoire. Le programme EuroDrone a connu pas mal de retards et de difficult\u00e9s. Voici un petit tableau r\u00e9capitulatif :<\/p>\n<table>\n<tr>\n<th>A\u00f1o<\/th>\n<th>\u00c9v\u00e9nement<\/th>\n<\/tr>\n<tr>\n<td>2013<\/td>\n<td>Lancement du projet EuroDrone<\/td>\n<\/tr>\n<tr>\n<td>2022<\/td>\n<td>Signature du contrat \u00ab\u00a0MALE RPAS Stage 2\u00a0\u00bb<\/td>\n<\/tr>\n<tr>\n<td>2024<\/td>\n<td>Examen de conception pr\u00e9liminaire (PDR)<\/td>\n<\/tr>\n<tr>\n<td>2025<\/td>\n<td>Revue critique de conception (CDR) en cours<\/td>\n<\/tr>\n<\/table>\n<h2>Les perspectives d&rsquo;avenir<\/h2>\n<p>Maintenant que l&rsquo;Inde a rejoint le programme en tant qu&rsquo;observateur, quelles sont les perspectives pour l&rsquo;avenir ? Je vais vous donner mon point de vue d&rsquo;expert en armement, avec un petit clin d&rsquo;\u0153il \u00e0 mon exp\u00e9rience dans le domaine.<\/p>\n<h3>Potentiel de collaboration<\/h3>\n<p>L&rsquo;arriv\u00e9e de l&rsquo;Inde pourrait bien booster le programme EuroDrone. Avec son expertise en technologie et son march\u00e9 immense, l&rsquo;Inde pourrait apporter beaucoup \u00e0 ce projet. C&rsquo;est un peu comme quand j&rsquo;ai ajout\u00e9 des armes exotiques \u00e0 mon inventaire : \u00e7a a attir\u00e9 une nouvelle client\u00e8le passionn\u00e9e !<\/p>\n<h3>D\u00e9fis technologiques<\/h3>\n<p>Le d\u00e9veloppement de l&rsquo;EuroDrone n&rsquo;est pas une mince affaire. Avec ses caract\u00e9ristiques impressionnantes (26 m\u00e8tres d&rsquo;envergure, 16 m\u00e8tres de long, 6 m\u00e8tres de haut et une masse de 10 tonnes), c&rsquo;est un v\u00e9ritable mastodonte volant. Voici quelques d\u00e9fis \u00e0 relever :<\/p>\n<ul>\n<li>Optimisation de la propulsion (deux turbopropulseurs \u00ab\u00a0Catalyst\u00a0\u00bb)<\/li>\n<li>Gestion des infrastructures n\u00e9cessaires \u00e0 son exploitation<\/li>\n<li>Int\u00e9gration des derni\u00e8res technologies de surveillance et de communication<\/li>\n<\/ul>\n<h3>Implications g\u00e9opolitiques<\/h3>\n<p>L&rsquo;entr\u00e9e de l&rsquo;Inde dans ce programme europ\u00e9en pourrait avoir des r\u00e9percussions int\u00e9ressantes sur la sc\u00e8ne internationale. \u00c7a pourrait renforcer les liens entre l&rsquo;Inde et l&rsquo;Europe, tout en envoyant un message fort aux autres puissances mondiales. Dans le monde des armes, les alliances sont aussi significatives que la puissance de feu !<\/p>\n<h2>Un nouvel horizon pour la coop\u00e9ration internationale<\/h2>\n<p>L&rsquo;arriv\u00e9e de l&rsquo;Inde dans le programme EuroDrone marque un tournant dans la coop\u00e9ration internationale en mati\u00e8re de d\u00e9fense. C&rsquo;est un peu comme si on assistait \u00e0 la naissance d&rsquo;une nouvelle \u00e8re, o\u00f9 les fronti\u00e8res technologiques s&rsquo;estompent au profit d&rsquo;une collaboration plus \u00e9troite.<\/p>\n<p>Je me souviens d&rsquo;une anecdote : quand j&rsquo;ai commenc\u00e9 dans le m\u00e9tier, les \u00e9changes internationaux \u00e9taient rares et compliqu\u00e9s. Aujourd&rsquo;hui, voir l&rsquo;Inde rejoindre un programme europ\u00e9en, c&rsquo;est comme un r\u00eave devenu r\u00e9alit\u00e9 pour les passionn\u00e9s de technologie militaire que nous sommes !<\/p>\n<p>Bien s\u00fbr, il reste encore beaucoup de chemin \u00e0 parcourir. Le programme EuroDrone doit surmonter ses retards et tenir ses promesses. Mais avec l&rsquo;int\u00e9r\u00eat croissant de pays comme l&rsquo;Inde et le Japon, l&rsquo;avenir semble prometteur. Qui sait, peut-\u00eatre qu&rsquo;un jour, nous verrons ces drones europ\u00e9ens survoler les vastes \u00e9tendues de l&rsquo;Inde ?<\/p>\n<p>En attendant, je continue de suivre de pr\u00e8s ces d\u00e9veloppements passionnants. Et vous, qu&rsquo;en pensez-vous ? L&rsquo;arriv\u00e9e de l&rsquo;Inde dans ce programme va-t-elle changer la donne ? N&rsquo;h\u00e9sitez pas \u00e0 me donner votre avis la prochaine fois que vous passerez \u00e0 l&rsquo;armurerie !<\/p>\n<p>Fuentes :<\/p>\n<ul>\n<li><a href=\"https:\/\/fr.wikipedia.org\/wiki\/Glossaire_des_armes_%C3%A0_feu\">glosario de armas de fuego<\/a><\/li>\n<li><a href=\"https:\/\/fr.wikipedia.org\/wiki\/Portail:Armes\">wiki de armas<\/a><\/li>\n<\/ul>","protected":false},"excerpt":{"rendered":"<p>L&rsquo;article en brefL&rsquo;Inde devient observateur du programme europ\u00e9en de drone MALE, marquant un tournant dans la coop\u00e9ration internationale en mati\u00e8re de d\u00e9fense. Statut d&rsquo;observateur : L&rsquo;Inde rejoint le Japon comme deuxi\u00e8me pays observateur du programme Enjeux strat\u00e9giques : Acc\u00e8s aux technologies de pointe en mati\u00e8re de drones Collaboration indo-europ\u00e9enne : Potentiel de futurs partenariats et &#8230; <a title=\"L&rsquo;Inde s&rsquo;immisce dans le projet de drone europ\u00e9en : que mijote-t-elle vraiment ?\" class=\"read-more\" href=\"https:\/\/essai-armes.fr\/es\/linde-simmisce-projet-drone-europeen-que-mijote-t-elle-vraiment\/\" aria-label=\"Leer m\u00e1s sobre L&rsquo;Inde s&rsquo;immisce dans le projet de drone europ\u00e9en : que mijote-t-elle vraiment ?\">Leer m\u00e1s<\/a><\/p>","protected":false},"author":2,"featured_media":2074,"comment_status":"open","ping_status":"","sticky":false,"template":"","format":"standard","meta":{"footnotes":""},"categories":[1],"tags":[],"class_list":["post-2077","post","type-post","status-publish","format-standard","has-post-thumbnail","hentry","category-blog"],"yoast_head":"<!-- This site is optimized with the Yoast SEO plugin v27.5 - https:\/\/yoast.com\/product\/yoast-seo-wordpress\/ -->\n<title>L&#039;Inde s&#039;immisce dans le projet de drone europ\u00e9en : que mijote-t-elle vraiment ? - Essai Armes<\/title>\n<meta name=\"robots\" content=\"index, follow, max-snippet:-1, max-image-preview:large, max-video-preview:-1\" \/>\n<link rel=\"canonical\" href=\"https:\/\/essai-armes.fr\/es\/linde-simmisce-projet-drone-europeen-que-mijote-t-elle-vraiment\/\" \/>\n<meta property=\"og:locale\" content=\"es_ES\" \/>\n<meta property=\"og:type\" content=\"article\" \/>\n<meta property=\"og:title\" content=\"L&#039;Inde s&#039;immisce dans le projet de drone europ\u00e9en : que mijote-t-elle vraiment ? - Essai Armes\" \/>\n<meta property=\"og:description\" content=\"L&rsquo;article en brefL&rsquo;Inde devient observateur du programme europ\u00e9en de drone MALE, marquant un tournant dans la coop\u00e9ration internationale en mati\u00e8re de d\u00e9fense. Statut d&rsquo;observateur : L&rsquo;Inde rejoint le Japon comme deuxi\u00e8me pays observateur du programme Enjeux strat\u00e9giques : Acc\u00e8s aux technologies de pointe en mati\u00e8re de drones Collaboration indo-europ\u00e9enne : Potentiel de futurs partenariats et ... Leer m\u00e1s\" \/>\n<meta property=\"og:url\" content=\"https:\/\/essai-armes.fr\/es\/linde-simmisce-projet-drone-europeen-que-mijote-t-elle-vraiment\/\" \/>\n<meta property=\"og:site_name\" content=\"Essai Armes\" \/>\n<meta property=\"article:published_time\" content=\"2025-01-24T01:26:00+00:00\" \/>\n<meta name=\"author\" content=\"Damien\" \/>\n<meta name=\"twitter:card\" content=\"summary_large_image\" \/>\n<meta name=\"twitter:label1\" content=\"Escrito por\" \/>\n\t<meta name=\"twitter:data1\" content=\"Damien\" \/>\n\t<meta name=\"twitter:label2\" content=\"Tiempo de lectura\" \/>\n\t<meta name=\"twitter:data2\" content=\"5 minutos\" \/>\n<script type=\"application\/ld+json\" class=\"yoast-schema-graph\">{\"@context\":\"https:\\\/\\\/schema.org\",\"@graph\":[{\"@type\":\"Article\",\"@id\":\"https:\\\/\\\/essai-armes.fr\\\/es\\\/linde-simmisce-projet-drone-europeen-que-mijote-t-elle-vraiment\\\/#article\",\"isPartOf\":{\"@id\":\"https:\\\/\\\/essai-armes.fr\\\/es\\\/linde-simmisce-projet-drone-europeen-que-mijote-t-elle-vraiment\\\/\"},\"author\":{\"name\":\"Damien\",\"@id\":\"https:\\\/\\\/essai-armes.fr\\\/es\\\/#\\\/schema\\\/person\\\/3ee005425b0b49de03b99036963c456d\"},\"headline\":\"L&rsquo;Inde s&rsquo;immisce dans le projet de drone europ\u00e9en : que mijote-t-elle vraiment ?\",\"datePublished\":\"2025-01-24T01:26:00+00:00\",\"mainEntityOfPage\":{\"@id\":\"https:\\\/\\\/essai-armes.fr\\\/es\\\/linde-simmisce-projet-drone-europeen-que-mijote-t-elle-vraiment\\\/\"},\"wordCount\":1145,\"commentCount\":0,\"publisher\":{\"@id\":\"https:\\\/\\\/essai-armes.fr\\\/es\\\/#organization\"},\"image\":{\"@id\":\"https:\\\/\\\/essai-armes.fr\\\/es\\\/linde-simmisce-projet-drone-europeen-que-mijote-t-elle-vraiment\\\/#primaryimage\"},\"thumbnailUrl\":\"https:\\\/\\\/essai-armes.fr\\\/wp-content\\\/uploads\\\/2025\\\/01\\\/inde_observe_drones_europeens_4775.jpg\",\"articleSection\":[\"Blog\"],\"inLanguage\":\"es\",\"potentialAction\":[{\"@type\":\"CommentAction\",\"name\":\"Comment\",\"target\":[\"https:\\\/\\\/essai-armes.fr\\\/es\\\/linde-simmisce-projet-drone-europeen-que-mijote-t-elle-vraiment\\\/#respond\"]}]},{\"@type\":\"WebPage\",\"@id\":\"https:\\\/\\\/essai-armes.fr\\\/es\\\/linde-simmisce-projet-drone-europeen-que-mijote-t-elle-vraiment\\\/\",\"url\":\"https:\\\/\\\/essai-armes.fr\\\/es\\\/linde-simmisce-projet-drone-europeen-que-mijote-t-elle-vraiment\\\/\",\"name\":\"L'Inde s'immisce dans le projet de drone europ\u00e9en : que mijote-t-elle vraiment ? - Essai Armes\",\"isPartOf\":{\"@id\":\"https:\\\/\\\/essai-armes.fr\\\/es\\\/#website\"},\"primaryImageOfPage\":{\"@id\":\"https:\\\/\\\/essai-armes.fr\\\/es\\\/linde-simmisce-projet-drone-europeen-que-mijote-t-elle-vraiment\\\/#primaryimage\"},\"image\":{\"@id\":\"https:\\\/\\\/essai-armes.fr\\\/es\\\/linde-simmisce-projet-drone-europeen-que-mijote-t-elle-vraiment\\\/#primaryimage\"},\"thumbnailUrl\":\"https:\\\/\\\/essai-armes.fr\\\/wp-content\\\/uploads\\\/2025\\\/01\\\/inde_observe_drones_europeens_4775.jpg\",\"datePublished\":\"2025-01-24T01:26:00+00:00\",\"breadcrumb\":{\"@id\":\"https:\\\/\\\/essai-armes.fr\\\/es\\\/linde-simmisce-projet-drone-europeen-que-mijote-t-elle-vraiment\\\/#breadcrumb\"},\"inLanguage\":\"es\",\"potentialAction\":[{\"@type\":\"ReadAction\",\"target\":[\"https:\\\/\\\/essai-armes.fr\\\/es\\\/linde-simmisce-projet-drone-europeen-que-mijote-t-elle-vraiment\\\/\"]}]},{\"@type\":\"ImageObject\",\"inLanguage\":\"es\",\"@id\":\"https:\\\/\\\/essai-armes.fr\\\/es\\\/linde-simmisce-projet-drone-europeen-que-mijote-t-elle-vraiment\\\/#primaryimage\",\"url\":\"https:\\\/\\\/essai-armes.fr\\\/wp-content\\\/uploads\\\/2025\\\/01\\\/inde_observe_drones_europeens_4775.jpg\",\"contentUrl\":\"https:\\\/\\\/essai-armes.fr\\\/wp-content\\\/uploads\\\/2025\\\/01\\\/inde_observe_drones_europeens_4775.jpg\",\"width\":1200,\"height\":800,\"caption\":\"L'Inde rejoint le programme de drone MALE europ\u00e9en : statut d'observateur\"},{\"@type\":\"BreadcrumbList\",\"@id\":\"https:\\\/\\\/essai-armes.fr\\\/es\\\/linde-simmisce-projet-drone-europeen-que-mijote-t-elle-vraiment\\\/#breadcrumb\",\"itemListElement\":[{\"@type\":\"ListItem\",\"position\":1,\"name\":\"Accueil\",\"item\":\"https:\\\/\\\/essai-armes.fr\\\/\"},{\"@type\":\"ListItem\",\"position\":2,\"name\":\"L&rsquo;Inde s&rsquo;immisce dans le projet de drone europ\u00e9en : que mijote-t-elle vraiment ?\"}]},{\"@type\":\"WebSite\",\"@id\":\"https:\\\/\\\/essai-armes.fr\\\/es\\\/#website\",\"url\":\"https:\\\/\\\/essai-armes.fr\\\/es\\\/\",\"name\":\"Essai Armes\",\"description\":\"\",\"publisher\":{\"@id\":\"https:\\\/\\\/essai-armes.fr\\\/es\\\/#organization\"},\"potentialAction\":[{\"@type\":\"SearchAction\",\"target\":{\"@type\":\"EntryPoint\",\"urlTemplate\":\"https:\\\/\\\/essai-armes.fr\\\/es\\\/?s={search_term_string}\"},\"query-input\":{\"@type\":\"PropertyValueSpecification\",\"valueRequired\":true,\"valueName\":\"search_term_string\"}}],\"inLanguage\":\"es\"},{\"@type\":\"Organization\",\"@id\":\"https:\\\/\\\/essai-armes.fr\\\/es\\\/#organization\",\"name\":\"Essai Armes\",\"url\":\"https:\\\/\\\/essai-armes.fr\\\/es\\\/\",\"logo\":{\"@type\":\"ImageObject\",\"inLanguage\":\"es\",\"@id\":\"https:\\\/\\\/essai-armes.fr\\\/es\\\/#\\\/schema\\\/logo\\\/image\\\/\",\"url\":\"https:\\\/\\\/essai-armes.fr\\\/wp-content\\\/uploads\\\/2023\\\/06\\\/logo.png\",\"contentUrl\":\"https:\\\/\\\/essai-armes.fr\\\/wp-content\\\/uploads\\\/2023\\\/06\\\/logo.png\",\"width\":624,\"height\":489,\"caption\":\"Essai Armes\"},\"image\":{\"@id\":\"https:\\\/\\\/essai-armes.fr\\\/es\\\/#\\\/schema\\\/logo\\\/image\\\/\"}},{\"@type\":\"Person\",\"@id\":\"https:\\\/\\\/essai-armes.fr\\\/es\\\/#\\\/schema\\\/person\\\/3ee005425b0b49de03b99036963c456d\",\"name\":\"Damien\",\"image\":{\"@type\":\"ImageObject\",\"inLanguage\":\"es\",\"@id\":\"https:\\\/\\\/secure.gravatar.com\\\/avatar\\\/ce38768ebaf5d044c623efd7ff10a6ad2e1bf4f59b1039f5295b8e35e82bb447?s=96&d=mm&r=g\",\"url\":\"https:\\\/\\\/secure.gravatar.com\\\/avatar\\\/ce38768ebaf5d044c623efd7ff10a6ad2e1bf4f59b1039f5295b8e35e82bb447?s=96&d=mm&r=g\",\"contentUrl\":\"https:\\\/\\\/secure.gravatar.com\\\/avatar\\\/ce38768ebaf5d044c623efd7ff10a6ad2e1bf4f59b1039f5295b8e35e82bb447?s=96&d=mm&r=g\",\"caption\":\"Damien\"},\"url\":\"https:\\\/\\\/essai-armes.fr\\\/es\\\/author\\\/damien\\\/\"}]}<\/script>\n<!-- \/ Yoast SEO plugin. -->","yoast_head_json":{"title":"L'Inde s'immisce dans le projet de drone europ\u00e9en : que mijote-t-elle vraiment ? - Essai Armes","robots":{"index":"index","follow":"follow","max-snippet":"max-snippet:-1","max-image-preview":"max-image-preview:large","max-video-preview":"max-video-preview:-1"},"canonical":"https:\/\/essai-armes.fr\/es\/linde-simmisce-projet-drone-europeen-que-mijote-t-elle-vraiment\/","og_locale":"es_ES","og_type":"article","og_title":"L'Inde s'immisce dans le projet de drone europ\u00e9en : que mijote-t-elle vraiment ? - Essai Armes","og_description":"L&rsquo;article en brefL&rsquo;Inde devient observateur du programme europ\u00e9en de drone MALE, marquant un tournant dans la coop\u00e9ration internationale en mati\u00e8re de d\u00e9fense. Statut d&rsquo;observateur : L&rsquo;Inde rejoint le Japon comme deuxi\u00e8me pays observateur du programme Enjeux strat\u00e9giques : Acc\u00e8s aux technologies de pointe en mati\u00e8re de drones Collaboration indo-europ\u00e9enne : Potentiel de futurs partenariats et ... Leer m\u00e1s","og_url":"https:\/\/essai-armes.fr\/es\/linde-simmisce-projet-drone-europeen-que-mijote-t-elle-vraiment\/","og_site_name":"Essai Armes","article_published_time":"2025-01-24T01:26:00+00:00","author":"Damien","twitter_card":"summary_large_image","twitter_misc":{"Escrito por":"Damien","Tiempo de lectura":"5 minutos"},"schema":{"@context":"https:\/\/schema.org","@graph":[{"@type":"Article","@id":"https:\/\/essai-armes.fr\/es\/linde-simmisce-projet-drone-europeen-que-mijote-t-elle-vraiment\/#article","isPartOf":{"@id":"https:\/\/essai-armes.fr\/es\/linde-simmisce-projet-drone-europeen-que-mijote-t-elle-vraiment\/"},"author":{"name":"Damien","@id":"https:\/\/essai-armes.fr\/es\/#\/schema\/person\/3ee005425b0b49de03b99036963c456d"},"headline":"L&rsquo;Inde s&rsquo;immisce dans le projet de drone europ\u00e9en : que mijote-t-elle vraiment ?","datePublished":"2025-01-24T01:26:00+00:00","mainEntityOfPage":{"@id":"https:\/\/essai-armes.fr\/es\/linde-simmisce-projet-drone-europeen-que-mijote-t-elle-vraiment\/"},"wordCount":1145,"commentCount":0,"publisher":{"@id":"https:\/\/essai-armes.fr\/es\/#organization"},"image":{"@id":"https:\/\/essai-armes.fr\/es\/linde-simmisce-projet-drone-europeen-que-mijote-t-elle-vraiment\/#primaryimage"},"thumbnailUrl":"https:\/\/essai-armes.fr\/wp-content\/uploads\/2025\/01\/inde_observe_drones_europeens_4775.jpg","articleSection":["Blog"],"inLanguage":"es","potentialAction":[{"@type":"CommentAction","name":"Comment","target":["https:\/\/essai-armes.fr\/es\/linde-simmisce-projet-drone-europeen-que-mijote-t-elle-vraiment\/#respond"]}]},{"@type":"WebPage","@id":"https:\/\/essai-armes.fr\/es\/linde-simmisce-projet-drone-europeen-que-mijote-t-elle-vraiment\/","url":"https:\/\/essai-armes.fr\/es\/linde-simmisce-projet-drone-europeen-que-mijote-t-elle-vraiment\/","name":"L'Inde s'immisce dans le projet de drone europ\u00e9en : que mijote-t-elle vraiment ? - Essai Armes","isPartOf":{"@id":"https:\/\/essai-armes.fr\/es\/#website"},"primaryImageOfPage":{"@id":"https:\/\/essai-armes.fr\/es\/linde-simmisce-projet-drone-europeen-que-mijote-t-elle-vraiment\/#primaryimage"},"image":{"@id":"https:\/\/essai-armes.fr\/es\/linde-simmisce-projet-drone-europeen-que-mijote-t-elle-vraiment\/#primaryimage"},"thumbnailUrl":"https:\/\/essai-armes.fr\/wp-content\/uploads\/2025\/01\/inde_observe_drones_europeens_4775.jpg","datePublished":"2025-01-24T01:26:00+00:00","breadcrumb":{"@id":"https:\/\/essai-armes.fr\/es\/linde-simmisce-projet-drone-europeen-que-mijote-t-elle-vraiment\/#breadcrumb"},"inLanguage":"es","potentialAction":[{"@type":"ReadAction","target":["https:\/\/essai-armes.fr\/es\/linde-simmisce-projet-drone-europeen-que-mijote-t-elle-vraiment\/"]}]},{"@type":"ImageObject","inLanguage":"es","@id":"https:\/\/essai-armes.fr\/es\/linde-simmisce-projet-drone-europeen-que-mijote-t-elle-vraiment\/#primaryimage","url":"https:\/\/essai-armes.fr\/wp-content\/uploads\/2025\/01\/inde_observe_drones_europeens_4775.jpg","contentUrl":"https:\/\/essai-armes.fr\/wp-content\/uploads\/2025\/01\/inde_observe_drones_europeens_4775.jpg","width":1200,"height":800,"caption":"L'Inde rejoint le programme de drone MALE europ\u00e9en : statut d'observateur"},{"@type":"BreadcrumbList","@id":"https:\/\/essai-armes.fr\/es\/linde-simmisce-projet-drone-europeen-que-mijote-t-elle-vraiment\/#breadcrumb","itemListElement":[{"@type":"ListItem","position":1,"name":"Accueil","item":"https:\/\/essai-armes.fr\/"},{"@type":"ListItem","position":2,"name":"L&rsquo;Inde s&rsquo;immisce dans le projet de drone europ\u00e9en : que mijote-t-elle vraiment ?"}]},{"@type":"WebSite","@id":"https:\/\/essai-armes.fr\/es\/#website","url":"https:\/\/essai-armes.fr\/es\/","name":"Juicio por armas","description":"","publisher":{"@id":"https:\/\/essai-armes.fr\/es\/#organization"},"potentialAction":[{"@type":"SearchAction","target":{"@type":"EntryPoint","urlTemplate":"https:\/\/essai-armes.fr\/es\/?s={search_term_string}"},"query-input":{"@type":"PropertyValueSpecification","valueRequired":true,"valueName":"search_term_string"}}],"inLanguage":"es"},{"@type":"Organization","@id":"https:\/\/essai-armes.fr\/es\/#organization","name":"Juicio por armas","url":"https:\/\/essai-armes.fr\/es\/","logo":{"@type":"ImageObject","inLanguage":"es","@id":"https:\/\/essai-armes.fr\/es\/#\/schema\/logo\/image\/","url":"https:\/\/essai-armes.fr\/wp-content\/uploads\/2023\/06\/logo.png","contentUrl":"https:\/\/essai-armes.fr\/wp-content\/uploads\/2023\/06\/logo.png","width":624,"height":489,"caption":"Essai Armes"},"image":{"@id":"https:\/\/essai-armes.fr\/es\/#\/schema\/logo\/image\/"}},{"@type":"Person","@id":"https:\/\/essai-armes.fr\/es\/#\/schema\/person\/3ee005425b0b49de03b99036963c456d","name":"Damien","image":{"@type":"ImageObject","inLanguage":"es","@id":"https:\/\/secure.gravatar.com\/avatar\/ce38768ebaf5d044c623efd7ff10a6ad2e1bf4f59b1039f5295b8e35e82bb447?s=96&d=mm&r=g","url":"https:\/\/secure.gravatar.com\/avatar\/ce38768ebaf5d044c623efd7ff10a6ad2e1bf4f59b1039f5295b8e35e82bb447?s=96&d=mm&r=g","contentUrl":"https:\/\/secure.gravatar.com\/avatar\/ce38768ebaf5d044c623efd7ff10a6ad2e1bf4f59b1039f5295b8e35e82bb447?s=96&d=mm&r=g","caption":"Damien"},"url":"https:\/\/essai-armes.fr\/es\/author\/damien\/"}]}},"_links":{"self":[{"href":"https:\/\/essai-armes.fr\/es\/wp-json\/wp\/v2\/posts\/2077","targetHints":{"allow":["GET"]}}],"collection":[{"href":"https:\/\/essai-armes.fr\/es\/wp-json\/wp\/v2\/posts"}],"about":[{"href":"https:\/\/essai-armes.fr\/es\/wp-json\/wp\/v2\/types\/post"}],"author":[{"embeddable":true,"href":"https:\/\/essai-armes.fr\/es\/wp-json\/wp\/v2\/users\/2"}],"replies":[{"embeddable":true,"href":"https:\/\/essai-armes.fr\/es\/wp-json\/wp\/v2\/comments?post=2077"}],"version-history":[{"count":0,"href":"https:\/\/essai-armes.fr\/es\/wp-json\/wp\/v2\/posts\/2077\/revisions"}],"wp:featuredmedia":[{"embeddable":true,"href":"https:\/\/essai-armes.fr\/es\/wp-json\/wp\/v2\/media\/2074"}],"wp:attachment":[{"href":"https:\/\/essai-armes.fr\/es\/wp-json\/wp\/v2\/media?parent=2077"}],"wp:term":[{"taxonomy":"category","embeddable":true,"href":"https:\/\/essai-armes.fr\/es\/wp-json\/wp\/v2\/categories?post=2077"},{"taxonomy":"post_tag","embeddable":true,"href":"https:\/\/essai-armes.fr\/es\/wp-json\/wp\/v2\/tags?post=2077"}],"curies":[{"name":"wp","href":"https:\/\/api.w.org\/{rel}","templated":true}]}}