{"id":2072,"date":"2025-01-24T01:26:00","date_gmt":"2025-01-24T01:26:00","guid":{"rendered":"https:\/\/essai-armes.fr\/disparition-dune-pionniere-5-choses-choquantes-que-vous-ignoriez-valerie-andre\/"},"modified":"2025-01-24T01:26:00","modified_gmt":"2025-01-24T01:26:00","slug":"5-cosas-impactantes-que-no-sabias-sobre-la-desaparicion-de-una-pionera-valerie-andre","status":"publish","type":"post","link":"https:\/\/essai-armes.fr\/es\/disparition-dune-pionniere-5-choses-choquantes-que-vous-ignoriez-valerie-andre\/","title":{"rendered":"Desaparici\u00f3n de una pionera: 5 cosas impactantes que no sab\u00edas sobre Val\u00e9rie Andr\u00e9"},"content":{"rendered":"<p><strong>Resumen del art\u00edculo<\/strong><p>Val\u00e9rie Andr\u00e9, pionera de la aviaci\u00f3n militar francesa, ha fallecido a los 102 a\u00f1os, dejando tras de s\u00ed un legado excepcional.<\/p>\n<ul>\n<li><strong>M\u00e9dico y piloto<\/strong> La primera mujer en pilotar un helic\u00f3ptero en una misi\u00f3n militar<\/li>\n<li>129 vuelos de evacuaci\u00f3n m\u00e9dica y 165 heridos atendidos en <em>Indochina<\/em><\/li>\n<li>Primera mujer <strong>General de Divisi\u00f3n<\/strong> en Francia (1981)<\/li>\n<li>Gran Cruz de la <em>Legi\u00f3n de Honor<\/em> (1999)<\/li>\n<\/ul>\n<p>El men\u00fa de hoy: \u00a1amigos m\u00edos! Qu\u00e9 triste noticia hemos recibido a principios de 2025. Nuestra querida Val\u00e9rie Andr\u00e9, esa mujer extraordinaria que dej\u00f3 su huella en la historia militar francesa, ha fallecido a la venerable edad de 102 a\u00f1os. Como aficionado a la historia militar, no puedo resistirme a compartir con ustedes la incre\u00edble historia de esta pionera.<\/p>\n<h2>Una vida dedicada al servicio y la innovaci\u00f3n<\/h2>\n<h3>Primeras ambiciones<\/h3>\n<p>Nacida en Estrasburgo en 1922, Val\u00e9rie Andr\u00e9 tuvo desde muy joven dos pasiones que marcar\u00edan su carrera: la medicina y la aviaci\u00f3n. A\u00fan recuerdo la \u00e9poca en que, en mi armer\u00eda, hablaba con antiguos pilotos que me contaban el auge de la aviaci\u00f3n popular. Fue precisamente en esa \u00e9poca cuando nuestra joven Val\u00e9rie, con s\u00f3lo 17 a\u00f1os, tom\u00f3 sus primeras lecciones de vuelo.<\/p>\n<h3>Una carrera m\u00e9dica at\u00edpica<\/h3>\n<p>A pesar de los obst\u00e1culos de la guerra, Val\u00e9rie Andr\u00e9 prosigue sus estudios de medicina con determinaci\u00f3n. En 1947, defiende una tesis sobre las \"patolog\u00edas del paracaidismo\" en la Universidad de Par\u00eds II. Qu\u00e9 <strong>fascinante coincidencia<\/strong> entre su pasi\u00f3n por la aviaci\u00f3n y su inter\u00e9s por la medicina. Esta especializaci\u00f3n result\u00f3 crucial para su futura carrera.<\/p>\n<h3>La llamada de la aventura<\/h3>\n<p>Fue en Indochina donde Val\u00e9rie Andr\u00e9 despleg\u00f3 realmente sus alas. Frustrada por no poder convertirse en piloto militar, se uni\u00f3 al conflicto como oficial m\u00e9dico, con el rango de capit\u00e1n. Su estancia en Extremo Oriente ser\u00eda el escenario de sus mayores haza\u00f1as.<\/p>\n<h2>Un pionero en el aire y en tierra<\/h2>\n<h3>A los mandos de los cielos<\/h3>\n<p>Tras obtener su licencia de piloto de helic\u00f3ptero, Val\u00e9rie Andr\u00e9 regres\u00f3 a Indochina para unirse al equipo del capit\u00e1n Alexis Santini. All\u00ed realiz\u00f3 haza\u00f1as que pasar\u00e1n a la historia:<\/p>\n<ul>\n<li>129 vuelos de evacuaci\u00f3n m\u00e9dica<\/li>\n<li>165 heridos atendidos<\/li>\n<li>Primera mujer en aterrizar en un portaaviones a los mandos de un helic\u00f3ptero<\/li>\n<\/ul>\n<p>Recuerdo haber expuesto en mi tienda un modelo de helic\u00f3ptero Hiller 360, similar a los que pilotaba Val\u00e9rie Andr\u00e9. Los clientes estaban encantados con la historia de esta mujer extraordinaria.<\/p>\n<h3>Una carrera militar \u00fanica<\/h3>\n<p>De vuelta a Francia, Val\u00e9rie Andr\u00e9 sigue superando los l\u00edmites. Destinada al centro de ensayos en vuelo de Br\u00e9tigny-sur-Orge, pilot\u00f3 varios modelos de aviones y helic\u00f3pteros. Su participaci\u00f3n en la creaci\u00f3n del laboratorio de medicina aeroespacial demuestra su constante af\u00e1n de innovaci\u00f3n.<\/p>\n<p>Durante los acontecimientos de Argelia, llev\u00f3 a cabo m\u00e1s de 350 misiones m\u00e9dicas entre 1959 y 1961. <strong>Su valor y dedicaci\u00f3n<\/strong> eran ilimitadas.<\/p>\n<h3>Romper el techo de cristal<\/h3>\n<p>La carrera de Val\u00e9rie Andr\u00e9 alcanz\u00f3 su punto \u00e1lgido cuando se convirti\u00f3 en 1976 en la primera mujer de Francia ascendida al grado de Oficial M\u00e9dico General. Este notable ascenso continu\u00f3 hasta que en 1981 se le concedi\u00f3 la tercera estrella, que la convirti\u00f3 en general de divisi\u00f3n.<\/p>\n<table border=\"1\">\n<tr>\n<th>A\u00f1o<\/th>\n<th>Dirigida por<\/th>\n<\/tr>\n<tr>\n<td>1976<\/td>\n<td>Primera mujer ascendida a doctora general<\/td>\n<\/tr>\n<tr>\n<td>1981<\/td>\n<td>Condecorado con la tercera estrella (General de Divisi\u00f3n)<\/td>\n<\/tr>\n<tr>\n<td>1987<\/td>\n<td>Elevado a la dignidad de Gran Cruz de la Orden Nacional del M\u00e9rito<\/td>\n<\/tr>\n<tr>\n<td>1999<\/td>\n<td>Condecorado con la Gran Cruz de la Legi\u00f3n de Honor<\/td>\n<\/tr>\n<\/table>\n<h2>Un legado imborrable<\/h2>\n<p>La muerte de Val\u00e9rie Andr\u00e9 deja un enorme vac\u00edo en el mundo militar y m\u00e1s all\u00e1. Su excepcional carrera abri\u00f3 el camino a muchas mujeres en el ej\u00e9rcito franc\u00e9s. Como aficionado a la historia militar, no puedo sino admirar su valor y determinaci\u00f3n.<\/p>\n<p>Val\u00e9rie Andr\u00e9 encarnaba los valores de servicio, innovaci\u00f3n y superaci\u00f3n personal. Demostr\u00f3 que con pasi\u00f3n y perseverancia se pueden romper todos los techos de cristal. Su historia me inspira cada vez que cuento sus haza\u00f1as a mis j\u00f3venes clientes, que se asombran con las historias de esta mujer extraordinaria.<\/p>\n<p>Recordaremos a Val\u00e9rie Andr\u00e9 como una pionera, una mujer que combin\u00f3 la medicina y la aviaci\u00f3n al servicio de su pa\u00eds. Su historia vivir\u00e1 para siempre, record\u00e1ndonos a todos que los sue\u00f1os m\u00e1s audaces pueden hacerse realidad con valor y determinaci\u00f3n.<\/p>\n<p>Descanse en paz, se\u00f1ora Generala. Su legado seguir\u00e1 inspirando a las generaciones futuras.<\/p>\n<p>Fuentes :<\/p>\n<ul>\n<li><a href=\"https:\/\/fr.wikipedia.org\/wiki\/Glossaire_des_armes_%C3%A0_feu\">Glosario de armas de fuego<\/a><\/li>\n<li><a href=\"https:\/\/fr.wikipedia.org\/wiki\/Portail:Armes\">Armas Wiki<\/a><\/li>\n<\/ul>","protected":false},"excerpt":{"rendered":"<p>L&rsquo;article en brefVal\u00e9rie Andr\u00e9, pionni\u00e8re de l&rsquo;aviation militaire fran\u00e7aise, s&rsquo;est \u00e9teinte \u00e0 102 ans, laissant un h\u00e9ritage exceptionnel. M\u00e9decin et pilote : premi\u00e8re femme \u00e0 piloter un h\u00e9licopt\u00e8re en mission militaire 129 vols d&rsquo;\u00e9vacuation sanitaire et 165 bless\u00e9s pris en charge en Indochine Premi\u00e8re femme g\u00e9n\u00e9ral de division en France (1981) Grand-croix de la L\u00e9gion &#8230; <a title=\"Disparition d&rsquo;une pionni\u00e8re : 5 choses choquantes que vous ignoriez sur Val\u00e9rie Andr\u00e9\" class=\"read-more\" href=\"https:\/\/essai-armes.fr\/es\/disparition-dune-pionniere-5-choses-choquantes-que-vous-ignoriez-valerie-andre\/\" aria-label=\"Leer m\u00e1s sobre Disparition d&rsquo;une pionni\u00e8re : 5 choses choquantes que vous ignoriez sur Val\u00e9rie Andr\u00e9\">Leer m\u00e1s<\/a><\/p>","protected":false},"author":2,"featured_media":2066,"comment_status":"open","ping_status":"","sticky":false,"template":"","format":"standard","meta":{"footnotes":""},"categories":[1],"tags":[],"class_list":["post-2072","post","type-post","status-publish","format-standard","has-post-thumbnail","hentry","category-blog"],"yoast_head":"<!-- This site is optimized with the Yoast SEO plugin v27.5 - https:\/\/yoast.com\/product\/yoast-seo-wordpress\/ -->\n<title>Disparition d&#039;une pionni\u00e8re : 5 choses choquantes que vous ignoriez sur Val\u00e9rie Andr\u00e9 - Essai Armes<\/title>\n<meta name=\"robots\" content=\"index, follow, max-snippet:-1, max-image-preview:large, max-video-preview:-1\" \/>\n<link rel=\"canonical\" href=\"https:\/\/essai-armes.fr\/es\/5-cosas-impactantes-que-no-sabias-sobre-la-desaparicion-de-una-pionera-valerie-andre\/\" \/>\n<meta property=\"og:locale\" content=\"es_ES\" \/>\n<meta property=\"og:type\" content=\"article\" \/>\n<meta property=\"og:title\" content=\"Disparition d&#039;une pionni\u00e8re : 5 choses choquantes que vous ignoriez sur Val\u00e9rie Andr\u00e9 - Essai Armes\" \/>\n<meta property=\"og:description\" content=\"L&rsquo;article en brefVal\u00e9rie Andr\u00e9, pionni\u00e8re de l&rsquo;aviation militaire fran\u00e7aise, s&rsquo;est \u00e9teinte \u00e0 102 ans, laissant un h\u00e9ritage exceptionnel. M\u00e9decin et pilote : premi\u00e8re femme \u00e0 piloter un h\u00e9licopt\u00e8re en mission militaire 129 vols d&rsquo;\u00e9vacuation sanitaire et 165 bless\u00e9s pris en charge en Indochine Premi\u00e8re femme g\u00e9n\u00e9ral de division en France (1981) Grand-croix de la L\u00e9gion ... Leer m\u00e1s\" \/>\n<meta property=\"og:url\" content=\"https:\/\/essai-armes.fr\/es\/5-cosas-impactantes-que-no-sabias-sobre-la-desaparicion-de-una-pionera-valerie-andre\/\" \/>\n<meta property=\"og:site_name\" content=\"Essai Armes\" \/>\n<meta property=\"article:published_time\" content=\"2025-01-24T01:26:00+00:00\" \/>\n<meta name=\"author\" content=\"Damien\" \/>\n<meta name=\"twitter:card\" content=\"summary_large_image\" \/>\n<meta name=\"twitter:label1\" content=\"Escrito por\" \/>\n\t<meta name=\"twitter:data1\" content=\"Damien\" \/>\n\t<meta name=\"twitter:label2\" content=\"Tiempo de lectura\" \/>\n\t<meta name=\"twitter:data2\" content=\"4 minutos\" \/>\n<script type=\"application\/ld+json\" class=\"yoast-schema-graph\">{\"@context\":\"https:\\\/\\\/schema.org\",\"@graph\":[{\"@type\":\"Article\",\"@id\":\"https:\\\/\\\/essai-armes.fr\\\/es\\\/disparition-dune-pionniere-5-choses-choquantes-que-vous-ignoriez-valerie-andre\\\/#article\",\"isPartOf\":{\"@id\":\"https:\\\/\\\/essai-armes.fr\\\/es\\\/disparition-dune-pionniere-5-choses-choquantes-que-vous-ignoriez-valerie-andre\\\/\"},\"author\":{\"name\":\"Damien\",\"@id\":\"https:\\\/\\\/essai-armes.fr\\\/es\\\/#\\\/schema\\\/person\\\/3ee005425b0b49de03b99036963c456d\"},\"headline\":\"Disparition d&rsquo;une pionni\u00e8re : 5 choses choquantes que vous ignoriez sur Val\u00e9rie Andr\u00e9\",\"datePublished\":\"2025-01-24T01:26:00+00:00\",\"mainEntityOfPage\":{\"@id\":\"https:\\\/\\\/essai-armes.fr\\\/es\\\/disparition-dune-pionniere-5-choses-choquantes-que-vous-ignoriez-valerie-andre\\\/\"},\"wordCount\":883,\"commentCount\":0,\"publisher\":{\"@id\":\"https:\\\/\\\/essai-armes.fr\\\/es\\\/#organization\"},\"image\":{\"@id\":\"https:\\\/\\\/essai-armes.fr\\\/es\\\/disparition-dune-pionniere-5-choses-choquantes-que-vous-ignoriez-valerie-andre\\\/#primaryimage\"},\"thumbnailUrl\":\"https:\\\/\\\/essai-armes.fr\\\/wp-content\\\/uploads\\\/2025\\\/01\\\/deces_pionniere_militaire_francaise_8823.jpg\",\"articleSection\":[\"Blog\"],\"inLanguage\":\"es\",\"potentialAction\":[{\"@type\":\"CommentAction\",\"name\":\"Comment\",\"target\":[\"https:\\\/\\\/essai-armes.fr\\\/es\\\/disparition-dune-pionniere-5-choses-choquantes-que-vous-ignoriez-valerie-andre\\\/#respond\"]}]},{\"@type\":\"WebPage\",\"@id\":\"https:\\\/\\\/essai-armes.fr\\\/es\\\/disparition-dune-pionniere-5-choses-choquantes-que-vous-ignoriez-valerie-andre\\\/\",\"url\":\"https:\\\/\\\/essai-armes.fr\\\/es\\\/disparition-dune-pionniere-5-choses-choquantes-que-vous-ignoriez-valerie-andre\\\/\",\"name\":\"Disparition d'une pionni\u00e8re : 5 choses choquantes que vous ignoriez sur Val\u00e9rie Andr\u00e9 - Essai Armes\",\"isPartOf\":{\"@id\":\"https:\\\/\\\/essai-armes.fr\\\/es\\\/#website\"},\"primaryImageOfPage\":{\"@id\":\"https:\\\/\\\/essai-armes.fr\\\/es\\\/disparition-dune-pionniere-5-choses-choquantes-que-vous-ignoriez-valerie-andre\\\/#primaryimage\"},\"image\":{\"@id\":\"https:\\\/\\\/essai-armes.fr\\\/es\\\/disparition-dune-pionniere-5-choses-choquantes-que-vous-ignoriez-valerie-andre\\\/#primaryimage\"},\"thumbnailUrl\":\"https:\\\/\\\/essai-armes.fr\\\/wp-content\\\/uploads\\\/2025\\\/01\\\/deces_pionniere_militaire_francaise_8823.jpg\",\"datePublished\":\"2025-01-24T01:26:00+00:00\",\"breadcrumb\":{\"@id\":\"https:\\\/\\\/essai-armes.fr\\\/es\\\/disparition-dune-pionniere-5-choses-choquantes-que-vous-ignoriez-valerie-andre\\\/#breadcrumb\"},\"inLanguage\":\"es\",\"potentialAction\":[{\"@type\":\"ReadAction\",\"target\":[\"https:\\\/\\\/essai-armes.fr\\\/es\\\/disparition-dune-pionniere-5-choses-choquantes-que-vous-ignoriez-valerie-andre\\\/\"]}]},{\"@type\":\"ImageObject\",\"inLanguage\":\"es\",\"@id\":\"https:\\\/\\\/essai-armes.fr\\\/es\\\/disparition-dune-pionniere-5-choses-choquantes-que-vous-ignoriez-valerie-andre\\\/#primaryimage\",\"url\":\"https:\\\/\\\/essai-armes.fr\\\/wp-content\\\/uploads\\\/2025\\\/01\\\/deces_pionniere_militaire_francaise_8823.jpg\",\"contentUrl\":\"https:\\\/\\\/essai-armes.fr\\\/wp-content\\\/uploads\\\/2025\\\/01\\\/deces_pionniere_militaire_francaise_8823.jpg\",\"width\":1200,\"height\":800,\"caption\":\"Val\u00e9rie Andr\u00e9 nous a quitt\u00e9s : hommage \u00e0 la premi\u00e8re g\u00e9n\u00e9rale\"},{\"@type\":\"BreadcrumbList\",\"@id\":\"https:\\\/\\\/essai-armes.fr\\\/es\\\/disparition-dune-pionniere-5-choses-choquantes-que-vous-ignoriez-valerie-andre\\\/#breadcrumb\",\"itemListElement\":[{\"@type\":\"ListItem\",\"position\":1,\"name\":\"Accueil\",\"item\":\"https:\\\/\\\/essai-armes.fr\\\/\"},{\"@type\":\"ListItem\",\"position\":2,\"name\":\"Disparition d&rsquo;une pionni\u00e8re : 5 choses choquantes que vous ignoriez sur Val\u00e9rie Andr\u00e9\"}]},{\"@type\":\"WebSite\",\"@id\":\"https:\\\/\\\/essai-armes.fr\\\/es\\\/#website\",\"url\":\"https:\\\/\\\/essai-armes.fr\\\/es\\\/\",\"name\":\"Essai Armes\",\"description\":\"\",\"publisher\":{\"@id\":\"https:\\\/\\\/essai-armes.fr\\\/es\\\/#organization\"},\"potentialAction\":[{\"@type\":\"SearchAction\",\"target\":{\"@type\":\"EntryPoint\",\"urlTemplate\":\"https:\\\/\\\/essai-armes.fr\\\/es\\\/?s={search_term_string}\"},\"query-input\":{\"@type\":\"PropertyValueSpecification\",\"valueRequired\":true,\"valueName\":\"search_term_string\"}}],\"inLanguage\":\"es\"},{\"@type\":\"Organization\",\"@id\":\"https:\\\/\\\/essai-armes.fr\\\/es\\\/#organization\",\"name\":\"Essai Armes\",\"url\":\"https:\\\/\\\/essai-armes.fr\\\/es\\\/\",\"logo\":{\"@type\":\"ImageObject\",\"inLanguage\":\"es\",\"@id\":\"https:\\\/\\\/essai-armes.fr\\\/es\\\/#\\\/schema\\\/logo\\\/image\\\/\",\"url\":\"https:\\\/\\\/essai-armes.fr\\\/wp-content\\\/uploads\\\/2023\\\/06\\\/logo.png\",\"contentUrl\":\"https:\\\/\\\/essai-armes.fr\\\/wp-content\\\/uploads\\\/2023\\\/06\\\/logo.png\",\"width\":624,\"height\":489,\"caption\":\"Essai Armes\"},\"image\":{\"@id\":\"https:\\\/\\\/essai-armes.fr\\\/es\\\/#\\\/schema\\\/logo\\\/image\\\/\"}},{\"@type\":\"Person\",\"@id\":\"https:\\\/\\\/essai-armes.fr\\\/es\\\/#\\\/schema\\\/person\\\/3ee005425b0b49de03b99036963c456d\",\"name\":\"Damien\",\"image\":{\"@type\":\"ImageObject\",\"inLanguage\":\"es\",\"@id\":\"https:\\\/\\\/secure.gravatar.com\\\/avatar\\\/ce38768ebaf5d044c623efd7ff10a6ad2e1bf4f59b1039f5295b8e35e82bb447?s=96&d=mm&r=g\",\"url\":\"https:\\\/\\\/secure.gravatar.com\\\/avatar\\\/ce38768ebaf5d044c623efd7ff10a6ad2e1bf4f59b1039f5295b8e35e82bb447?s=96&d=mm&r=g\",\"contentUrl\":\"https:\\\/\\\/secure.gravatar.com\\\/avatar\\\/ce38768ebaf5d044c623efd7ff10a6ad2e1bf4f59b1039f5295b8e35e82bb447?s=96&d=mm&r=g\",\"caption\":\"Damien\"},\"url\":\"https:\\\/\\\/essai-armes.fr\\\/es\\\/author\\\/damien\\\/\"}]}<\/script>\n<!-- \/ Yoast SEO plugin. -->","yoast_head_json":{"title":"Desaparici\u00f3n de una pionera: 5 cosas chocantes que no sab\u00edas sobre Val\u00e9rie Andr\u00e9 - Ensayo Armes","robots":{"index":"index","follow":"follow","max-snippet":"max-snippet:-1","max-image-preview":"max-image-preview:large","max-video-preview":"max-video-preview:-1"},"canonical":"https:\/\/essai-armes.fr\/es\/5-cosas-impactantes-que-no-sabias-sobre-la-desaparicion-de-una-pionera-valerie-andre\/","og_locale":"es_ES","og_type":"article","og_title":"Disparition d'une pionni\u00e8re : 5 choses choquantes que vous ignoriez sur Val\u00e9rie Andr\u00e9 - Essai Armes","og_description":"L&rsquo;article en brefVal\u00e9rie Andr\u00e9, pionni\u00e8re de l&rsquo;aviation militaire fran\u00e7aise, s&rsquo;est \u00e9teinte \u00e0 102 ans, laissant un h\u00e9ritage exceptionnel. M\u00e9decin et pilote : premi\u00e8re femme \u00e0 piloter un h\u00e9licopt\u00e8re en mission militaire 129 vols d&rsquo;\u00e9vacuation sanitaire et 165 bless\u00e9s pris en charge en Indochine Premi\u00e8re femme g\u00e9n\u00e9ral de division en France (1981) Grand-croix de la L\u00e9gion ... Leer m\u00e1s","og_url":"https:\/\/essai-armes.fr\/es\/5-cosas-impactantes-que-no-sabias-sobre-la-desaparicion-de-una-pionera-valerie-andre\/","og_site_name":"Essai Armes","article_published_time":"2025-01-24T01:26:00+00:00","author":"Damien","twitter_card":"summary_large_image","twitter_misc":{"Escrito por":"Damien","Tiempo de lectura":"4 minutos"},"schema":{"@context":"https:\/\/schema.org","@graph":[{"@type":"Article","@id":"https:\/\/essai-armes.fr\/es\/disparition-dune-pionniere-5-choses-choquantes-que-vous-ignoriez-valerie-andre\/#article","isPartOf":{"@id":"https:\/\/essai-armes.fr\/es\/disparition-dune-pionniere-5-choses-choquantes-que-vous-ignoriez-valerie-andre\/"},"author":{"name":"Damien","@id":"https:\/\/essai-armes.fr\/es\/#\/schema\/person\/3ee005425b0b49de03b99036963c456d"},"headline":"Disparition d&rsquo;une pionni\u00e8re : 5 choses choquantes que vous ignoriez sur Val\u00e9rie Andr\u00e9","datePublished":"2025-01-24T01:26:00+00:00","mainEntityOfPage":{"@id":"https:\/\/essai-armes.fr\/es\/disparition-dune-pionniere-5-choses-choquantes-que-vous-ignoriez-valerie-andre\/"},"wordCount":883,"commentCount":0,"publisher":{"@id":"https:\/\/essai-armes.fr\/es\/#organization"},"image":{"@id":"https:\/\/essai-armes.fr\/es\/disparition-dune-pionniere-5-choses-choquantes-que-vous-ignoriez-valerie-andre\/#primaryimage"},"thumbnailUrl":"https:\/\/essai-armes.fr\/wp-content\/uploads\/2025\/01\/deces_pionniere_militaire_francaise_8823.jpg","articleSection":["Blog"],"inLanguage":"es","potentialAction":[{"@type":"CommentAction","name":"Comment","target":["https:\/\/essai-armes.fr\/es\/disparition-dune-pionniere-5-choses-choquantes-que-vous-ignoriez-valerie-andre\/#respond"]}]},{"@type":"WebPage","@id":"https:\/\/essai-armes.fr\/es\/disparition-dune-pionniere-5-choses-choquantes-que-vous-ignoriez-valerie-andre\/","url":"https:\/\/essai-armes.fr\/es\/disparition-dune-pionniere-5-choses-choquantes-que-vous-ignoriez-valerie-andre\/","name":"Desaparici\u00f3n de una pionera: 5 cosas chocantes que no sab\u00edas sobre Val\u00e9rie Andr\u00e9 - Ensayo Armes","isPartOf":{"@id":"https:\/\/essai-armes.fr\/es\/#website"},"primaryImageOfPage":{"@id":"https:\/\/essai-armes.fr\/es\/disparition-dune-pionniere-5-choses-choquantes-que-vous-ignoriez-valerie-andre\/#primaryimage"},"image":{"@id":"https:\/\/essai-armes.fr\/es\/disparition-dune-pionniere-5-choses-choquantes-que-vous-ignoriez-valerie-andre\/#primaryimage"},"thumbnailUrl":"https:\/\/essai-armes.fr\/wp-content\/uploads\/2025\/01\/deces_pionniere_militaire_francaise_8823.jpg","datePublished":"2025-01-24T01:26:00+00:00","breadcrumb":{"@id":"https:\/\/essai-armes.fr\/es\/disparition-dune-pionniere-5-choses-choquantes-que-vous-ignoriez-valerie-andre\/#breadcrumb"},"inLanguage":"es","potentialAction":[{"@type":"ReadAction","target":["https:\/\/essai-armes.fr\/es\/disparition-dune-pionniere-5-choses-choquantes-que-vous-ignoriez-valerie-andre\/"]}]},{"@type":"ImageObject","inLanguage":"es","@id":"https:\/\/essai-armes.fr\/es\/disparition-dune-pionniere-5-choses-choquantes-que-vous-ignoriez-valerie-andre\/#primaryimage","url":"https:\/\/essai-armes.fr\/wp-content\/uploads\/2025\/01\/deces_pionniere_militaire_francaise_8823.jpg","contentUrl":"https:\/\/essai-armes.fr\/wp-content\/uploads\/2025\/01\/deces_pionniere_militaire_francaise_8823.jpg","width":1200,"height":800,"caption":"Val\u00e9rie Andr\u00e9 nous a quitt\u00e9s : hommage \u00e0 la premi\u00e8re g\u00e9n\u00e9rale"},{"@type":"BreadcrumbList","@id":"https:\/\/essai-armes.fr\/es\/disparition-dune-pionniere-5-choses-choquantes-que-vous-ignoriez-valerie-andre\/#breadcrumb","itemListElement":[{"@type":"ListItem","position":1,"name":"Accueil","item":"https:\/\/essai-armes.fr\/"},{"@type":"ListItem","position":2,"name":"Disparition d&rsquo;une pionni\u00e8re : 5 choses choquantes que vous ignoriez sur Val\u00e9rie Andr\u00e9"}]},{"@type":"WebSite","@id":"https:\/\/essai-armes.fr\/es\/#website","url":"https:\/\/essai-armes.fr\/es\/","name":"Juicio por armas","description":"","publisher":{"@id":"https:\/\/essai-armes.fr\/es\/#organization"},"potentialAction":[{"@type":"SearchAction","target":{"@type":"EntryPoint","urlTemplate":"https:\/\/essai-armes.fr\/es\/?s={search_term_string}"},"query-input":{"@type":"PropertyValueSpecification","valueRequired":true,"valueName":"search_term_string"}}],"inLanguage":"es"},{"@type":"Organization","@id":"https:\/\/essai-armes.fr\/es\/#organization","name":"Juicio por armas","url":"https:\/\/essai-armes.fr\/es\/","logo":{"@type":"ImageObject","inLanguage":"es","@id":"https:\/\/essai-armes.fr\/es\/#\/schema\/logo\/image\/","url":"https:\/\/essai-armes.fr\/wp-content\/uploads\/2023\/06\/logo.png","contentUrl":"https:\/\/essai-armes.fr\/wp-content\/uploads\/2023\/06\/logo.png","width":624,"height":489,"caption":"Essai Armes"},"image":{"@id":"https:\/\/essai-armes.fr\/es\/#\/schema\/logo\/image\/"}},{"@type":"Person","@id":"https:\/\/essai-armes.fr\/es\/#\/schema\/person\/3ee005425b0b49de03b99036963c456d","name":"Damien","image":{"@type":"ImageObject","inLanguage":"es","@id":"https:\/\/secure.gravatar.com\/avatar\/ce38768ebaf5d044c623efd7ff10a6ad2e1bf4f59b1039f5295b8e35e82bb447?s=96&d=mm&r=g","url":"https:\/\/secure.gravatar.com\/avatar\/ce38768ebaf5d044c623efd7ff10a6ad2e1bf4f59b1039f5295b8e35e82bb447?s=96&d=mm&r=g","contentUrl":"https:\/\/secure.gravatar.com\/avatar\/ce38768ebaf5d044c623efd7ff10a6ad2e1bf4f59b1039f5295b8e35e82bb447?s=96&d=mm&r=g","caption":"Damien"},"url":"https:\/\/essai-armes.fr\/es\/author\/damien\/"}]}},"_links":{"self":[{"href":"https:\/\/essai-armes.fr\/es\/wp-json\/wp\/v2\/posts\/2072","targetHints":{"allow":["GET"]}}],"collection":[{"href":"https:\/\/essai-armes.fr\/es\/wp-json\/wp\/v2\/posts"}],"about":[{"href":"https:\/\/essai-armes.fr\/es\/wp-json\/wp\/v2\/types\/post"}],"author":[{"embeddable":true,"href":"https:\/\/essai-armes.fr\/es\/wp-json\/wp\/v2\/users\/2"}],"replies":[{"embeddable":true,"href":"https:\/\/essai-armes.fr\/es\/wp-json\/wp\/v2\/comments?post=2072"}],"version-history":[{"count":0,"href":"https:\/\/essai-armes.fr\/es\/wp-json\/wp\/v2\/posts\/2072\/revisions"}],"wp:featuredmedia":[{"embeddable":true,"href":"https:\/\/essai-armes.fr\/es\/wp-json\/wp\/v2\/media\/2066"}],"wp:attachment":[{"href":"https:\/\/essai-armes.fr\/es\/wp-json\/wp\/v2\/media?parent=2072"}],"wp:term":[{"taxonomy":"category","embeddable":true,"href":"https:\/\/essai-armes.fr\/es\/wp-json\/wp\/v2\/categories?post=2072"},{"taxonomy":"post_tag","embeddable":true,"href":"https:\/\/essai-armes.fr\/es\/wp-json\/wp\/v2\/tags?post=2072"}],"curies":[{"name":"wp","href":"https:\/\/api.w.org\/{rel}","templated":true}]}}