{"id":3687,"date":"2026-01-24T18:25:00","date_gmt":"2026-01-24T18:25:00","guid":{"rendered":"https:\/\/essai-armes.fr\/verney-carron-histoire-armes-manufacture-francaise\/"},"modified":"2026-01-24T18:25:00","modified_gmt":"2026-01-24T18:25:00","slug":"verney-carron-histoire-armes-manufacture-francaise","status":"publish","type":"post","link":"https:\/\/essai-armes.fr\/en\/verney-carron-histoire-armes-manufacture-francaise\/","title":{"rendered":"Verney Carron : histoire et armes de la manufacture fran\u00e7aise"},"content":{"rendered":"<p><strong>The article in brief<\/strong><\/p>\n<p><p>Verney Carron repr\u00e9sente l&rsquo;excellence de l&rsquo;armurerie fran\u00e7aise avec deux si\u00e8cles d&rsquo;histoire et de savoir-faire artisanal.<\/p>\n<ul>\n<li><strong>Une manufacture historique<\/strong> bas\u00e9e \u00e0 <em>Saint-\u00c9tienne<\/em>, berceau de l&rsquo;armurerie fran\u00e7aise, ma\u00eetrisant l&rsquo;int\u00e9gralit\u00e9 de la cha\u00eene de production depuis plus de 200 ans<\/li>\n<li><strong>Une reprise strat\u00e9gique<\/strong> par le groupe Rivolier en juin 2025, sauvant 55 emplois et injectant <em>deux millions d&rsquo;euros<\/em> pour relancer la production<\/li>\n<li><strong>Une gamme compl\u00e8te<\/strong> incluant carabines, fusils superpos\u00e9s et juxtapos\u00e9s, syst\u00e8mes semi-automatiques et le lanceur <em>Cobra<\/em> pour les forces de l&rsquo;ordre<\/li>\n<li><strong>Innovation et tradition<\/strong> avec le syst\u00e8me brevet\u00e9 Stop&#038;Go combinant s\u00e9curit\u00e9 optimale et maniement instinctif pour une <em>chasse responsable<\/em><\/li>\n<li><strong>Un savoir-faire pr\u00e9serv\u00e9<\/strong> garantissant fiabilit\u00e9, performance et durabilit\u00e9 \u00e0 travers des armes pens\u00e9es pour traverser les g\u00e9n\u00e9rations<\/li>\n<\/ul>\n<p>Laissez-moi vous raconter pourquoi <strong>Verney Carron<\/strong> m\u00e9rite toute votre attention. En tant qu&rsquo;armurier, je manipule quotidiennement des armes de toutes origines, mais cette manufacture fran\u00e7aise poss\u00e8de quelque chose de sp\u00e9cial. Quand vous tenez entre vos mains une carabine ou un fusil estampill\u00e9 de cette marque, vous sentez imm\u00e9diatement le poids de l&rsquo;histoire et la pr\u00e9cision du travail artisanal.<\/p>\n<p>Cette entreprise incarne le dernier bastion de l&rsquo;armurerie fran\u00e7aise de petit calibre. Fond\u00e9e au d\u00e9but du XIXe si\u00e8cle dans la r\u00e9gion st\u00e9phanoise, elle traverse les \u00e9poques en pr\u00e9servant un savoir-faire que beaucoup ont abandonn\u00e9. Je me souviens encore de ma premi\u00e8re rencontre avec leurs armes lors d&rsquo;un salon professionnel : l&rsquo;\u00e9quilibre parfait, la finition impeccable et cette sensation unique au toucher qui distingue une fabrication artisanale d&rsquo;une production industrielle standardis\u00e9e.<\/p>\n<h2>Les racines d&rsquo;une manufacture embl\u00e9matique<\/h2>\n<p>Saint-\u00c9tienne n&rsquo;est pas un choix anodin. Cette ville repr\u00e9sente le berceau historique de l&rsquo;armurerie fran\u00e7aise, un territoire o\u00f9 se sont concentr\u00e9s pendant des si\u00e8cles les meilleurs artisans du domaine. <strong>Verney Carron<\/strong> s&rsquo;inscrit dans cette tradition avec plus de deux cents ans d&rsquo;existence, traversant guerres, r\u00e9volutions industrielles et mutations \u00e9conomiques.<\/p>\n<p>Ce qui captive chez cette manufacture, c&rsquo;est sa capacit\u00e9 \u00e0 allier l&rsquo;ancien et le moderne. Dans mes discussions avec des repr\u00e9sentants de la marque, j&rsquo;ai d\u00e9couvert leur approche : ils ma\u00eetrisent l&rsquo;int\u00e9gralit\u00e9 de la cha\u00eene de production, de la conception initiale jusqu&rsquo;\u00e0 l&rsquo;assemblage final. Cette int\u00e9gration verticale devient rare dans notre \u00e9poque d&rsquo;externalisations massives. Chaque composant est pens\u00e9, d\u00e9velopp\u00e9 et assembl\u00e9 dans leurs ateliers fran\u00e7ais, garantissant un contr\u00f4le qualit\u00e9 sans compromis.<\/p>\n<h3>Un patrimoine pr\u00e9serv\u00e9 malgr\u00e9 les turbulences<\/h3>\n<p>L&rsquo;histoire r\u00e9cente de la manufacture illustre les d\u00e9fis \u00e9conomiques auxquels font face les entreprises patrimoniales. En f\u00e9vrier 2025, l&rsquo;entreprise traverse une p\u00e9riode difficile avec un placement en redressement judiciaire. Ses soixante-sept salari\u00e9s attendent dans l&rsquo;incertitude, notamment concernant la production du lanceur Cobra destin\u00e9 aux forces de l&rsquo;ordre.<\/p>\n<p>Le d\u00e9nouement arrive en juin 2025 lorsque le tribunal de commerce confie la reprise au groupe Rivolier. Cette d\u00e9cision surprend beaucoup d&rsquo;observateurs qui pariaient sur FN Browning Group, le g\u00e9ant belge aux moyens financiers consid\u00e9rables. Mais le tribunal privil\u00e9gie la carte locale et patrimoniale : pr\u00e9server les emplois st\u00e9phanois et maintenir ce savoir-faire strat\u00e9gique sur le territoire fran\u00e7ais. Cinquante-cinq postes sont pr\u00e9serv\u00e9s et deux millions d&rsquo;euros sont imm\u00e9diatement r\u00e9inject\u00e9s pour relancer la machine.<\/p>\n<h3>Des liens historiques qui scellent l&rsquo;avenir<\/h3>\n<p>La reprise par Rivolier n&rsquo;est pas fortuite. Les deux entreprises partagent une histoire commune depuis 1995 avec le d\u00e9veloppement du Flash-Ball pour le minist\u00e8re de l&rsquo;int\u00e9rieur. Ce lanceur de balles de d\u00e9fense symbolise leur compl\u00e9mentarit\u00e9 technique. M\u00eame apr\u00e8s la perte du contrat gouvernemental en 2019, les polices municipales continuent d&rsquo;utiliser cette arme non l\u00e9tale.<\/p>\n<p>En 2024, les deux soci\u00e9t\u00e9s signent un nouveau contrat pour trois mille lanceurs Cobra destin\u00e9s aux forces de l&rsquo;ordre. Cette collaboration concr\u00e8te confirme la pertinence industrielle du rapprochement. Arnaud Van Robais, patron de Rivolier, tentait depuis des ann\u00e9es de convaincre la famille fondatrice d&rsquo;un rapprochement capitalistique. Sa t\u00e9nacit\u00e9 finit par payer, m\u00eame si le chemin fut sinueux avec un premier \u00e9chec en 2022 face \u00e0 Cybergun.<\/p>\n<h2>Une gamme d&rsquo;armes pens\u00e9e pour chaque pratique<\/h2>\n<p>Dans mon armurerie, je propose diff\u00e9rentes typologies d&rsquo;armes selon les besoins de ma client\u00e8le. Les carabines \u00e0 r\u00e9armement lin\u00e9aire s\u00e9duisent les chasseurs en battue qui privil\u00e9gient la rapidit\u00e9 et la fluidit\u00e9 du rechargement. Leur syst\u00e8me intuitif permet des tirs r\u00e9p\u00e9t\u00e9s sans perdre la cible des yeux. Pour ceux qui recherchent encore plus de r\u00e9activit\u00e9, les semi-automatiques offrent une cadence de tir impressionnante tout en maintenant une excellente pr\u00e9cision.<\/p>\n<p>L&rsquo;innovation Stop&#038;Go m\u00e9rite une attention particuli\u00e8re. Ce syst\u00e8me brevet\u00e9 combine <em>s\u00e9curit\u00e9 optimale<\/em> and <em>maniement instinctif<\/em> gr\u00e2ce \u00e0 une r\u00e9p\u00e9tition manuelle repens\u00e9e. Je recommande particuli\u00e8rement ces mod\u00e8les aux chasseurs exigeants qui refusent de choisir entre performance et s\u00e9curit\u00e9. Vous pouvez d&rsquo;ailleurs consulter notre s\u00e9lection des <a href=\"https:\/\/essai-armes.fr\/en\/what-are-the-top-5-most-popular-shotguns\/\">fusils de chasse les plus populaires<\/a> pour comparer les diff\u00e9rentes options disponibles.<\/p>\n<h3>Des fusils adapt\u00e9s \u00e0 toutes les disciplines<\/h3>\n<table>\n<tr>\n<th>Type of rifle<\/th>\n<th>Utilisation privil\u00e9gi\u00e9e<\/th>\n<th>Highlights<\/th>\n<\/tr>\n<tr>\n<td>Superpos\u00e9s<\/td>\n<td>Petit gibier, ball-trap<\/td>\n<td>\u00c9quilibre et rapidit\u00e9 d&rsquo;\u00e9paulement<\/td>\n<\/tr>\n<tr>\n<td>Juxtapos\u00e9s<\/td>\n<td>Chasse traditionnelle<\/td>\n<td>Esth\u00e9tique classique, confort de tir<\/td>\n<\/tr>\n<tr>\n<td>\u00c0 pompe<\/td>\n<td>Conditions exigeantes<\/td>\n<td>Robustesse et capacit\u00e9 accrue<\/td>\n<\/tr>\n<tr>\n<td>Semi-automatiques<\/td>\n<td>Dynamic shooting<\/td>\n<td>Fluidit\u00e9 et r\u00e9activit\u00e9<\/td>\n<\/tr>\n<\/table>\n<p>Les superpos\u00e9s incarnent l&rsquo;alliance parfaite entre tradition et performance moderne. Leur \u00e9quilibre naturel facilite l&rsquo;\u00e9paulement rapide, indispensable en ball-trap ou lors de lev\u00e9es soudaines de petit gibier. Les juxtapos\u00e9s, plus traditionnels dans leurs lignes, s\u00e9duisent les puristes attach\u00e9s \u00e0 l&rsquo;esth\u00e9tique classique sans sacrifier le confort de tir.<\/p>\n<h3>Choisir selon votre pratique cyn\u00e9g\u00e9tique<\/h3>\n<p>J&rsquo;oriente toujours mes clients vers le calibre et le syst\u00e8me adapt\u00e9s \u00e0 leur chasse favorite. Pour comprendre <a href=\"https:\/\/essai-armes.fr\/en\/what-is-the-best-calibre-hunting-guide-advice\/\">quel calibre privil\u00e9gier selon votre gibier<\/a>, plusieurs crit\u00e8res entrent en jeu : distance de tir, taille du gibier et r\u00e9glementation locale. Les fusils \u00e0 pompe excellent dans les conditions difficiles o\u00f9 la robustesse prime sur l&rsquo;\u00e9l\u00e9gance, tandis que les semi-automatiques conviennent aux tireurs recherchant fluidit\u00e9 et cadences soutenues.<\/p>\n<h2>L&rsquo;engagement derri\u00e8re chaque arme fabriqu\u00e9e<\/h2>\n<p>Au-del\u00e0 des sp\u00e9cifications techniques, la philosophie de cette manufacture repose sur <strong>une chasse responsable et \u00e9thique<\/strong>. Chaque arme est pens\u00e9e pour offrir fiabilit\u00e9, performance et durabilit\u00e9. Cette approche respectueuse des traditions armuri\u00e8res fran\u00e7aises se marie avec une innovation technologique constante, cr\u00e9ant des produits qui traversent les g\u00e9n\u00e9rations.<\/p>\n<p>La client\u00e8le vis\u00e9e englobe chasseurs, tireurs sportifs mais \u00e9galement forces de s\u00e9curit\u00e9 et professionnels. Cette diversit\u00e9 t\u00e9moigne de la polyvalence technique de la manufacture. Les amateurs de gibier d&rsquo;eau, de battue ou de chasse devant soi trouvent dans le catalogue des solutions adapt\u00e9es \u00e0 leurs exigences sp\u00e9cifiques. Si vous collectionnez les armes fran\u00e7aises anciennes, je vous conseille de d\u00e9couvrir comment <a href=\"https:\/\/essai-armes.fr\/en\/how-to-identify-a-shotgun-practical-tips-guide\/\">identifier un fusil Darne<\/a>, autre fleuron de l&rsquo;armurerie nationale.<\/p>\n<p>Ma propre exp\u00e9rience avec ces armes confirme leur r\u00e9putation. L&rsquo;an dernier, lors d&rsquo;une battue particuli\u00e8rement \u00e9prouvante sous la pluie, ma carabine n&rsquo;a jamais failli malgr\u00e9 les conditions d\u00e9sastreuses. Cette fiabilit\u00e9 rassure et permet de se concentrer pleinement sur la chasse plut\u00f4t que sur l&rsquo;\u00e9quipement.<\/p>\n<h2>Une renaissance prometteuse pour l&rsquo;armurerie fran\u00e7aise<\/h2>\n<p>La reprise de juin 2025 marque un nouveau d\u00e9part. La production red\u00e9marre imm\u00e9diatement, notamment celle du lanceur Cobra attendu par les forces de l&rsquo;ordre. Cette continuit\u00e9 pr\u00e9serve un patrimoine industriel unique et maintient vivant un savoir-faire que peu de pays poss\u00e8dent encore. Le choix du tribunal privil\u00e9giant l&rsquo;ancrage local plut\u00f4t que la puissance financi\u00e8re brute envoie un signal fort sur l&rsquo;importance strat\u00e9gique de cette fili\u00e8re.<\/p>\n<p>Pour les passionn\u00e9s comme moi, cette p\u00e9rennit\u00e9 garantit l&rsquo;acc\u00e8s futur \u00e0 des armes de qualit\u00e9 fabriqu\u00e9es selon les normes fran\u00e7aises les plus strictes. <em>L&rsquo;excellence de l&rsquo;armurerie fran\u00e7aise<\/em> continue ainsi de rayonner, port\u00e9e par des entreprises qui refusent les compromis sur la qualit\u00e9. Chaque arme sortant de cette manufacture repr\u00e9sente bien plus qu&rsquo;un outil : c&rsquo;est un morceau d&rsquo;histoire vivante, fa\u00e7onn\u00e9 par des mains expertes dans le respect des traditions s\u00e9culaires.<\/p>\n<p>Pour approfondir vos connaissances sur l&rsquo;univers des armes \u00e0 feu, je vous recommande de consulter le <a href=\"https:\/\/fr.wikipedia.org\/wiki\/Glossaire<em>desarmes<em>%C3%A0<\/em>feu\u00a0\u00bb>glossaire des armes \u00e0 feu<\/a> ainsi que le <a href=\"https:>weapons wiki<\/a> qui constituent d&rsquo;excellentes ressources documentaires.<\/p>","protected":false},"excerpt":{"rendered":"<p>L&rsquo;article en bref Verney Carron repr\u00e9sente l&rsquo;excellence de l&rsquo;armurerie fran\u00e7aise avec deux si\u00e8cles d&rsquo;histoire et de savoir-faire artisanal. Une manufacture historique bas\u00e9e \u00e0 Saint-\u00c9tienne, berceau de l&rsquo;armurerie fran\u00e7aise, ma\u00eetrisant l&rsquo;int\u00e9gralit\u00e9 de la cha\u00eene de production depuis plus de 200 ans Une reprise strat\u00e9gique par le groupe Rivolier en juin 2025, sauvant 55 emplois et injectant &#8230; <a title=\"Verney Carron : histoire et armes de la manufacture fran\u00e7aise\" class=\"read-more\" href=\"https:\/\/essai-armes.fr\/en\/verney-carron-histoire-armes-manufacture-francaise\/\" aria-label=\"Read more about Verney Carron : histoire et armes de la manufacture fran\u00e7aise\">Read more<\/a><\/p>","protected":false},"author":2,"featured_media":3686,"comment_status":"open","ping_status":"","sticky":false,"template":"","format":"standard","meta":{"footnotes":""},"categories":[1],"tags":[],"class_list":["post-3687","post","type-post","status-publish","format-standard","has-post-thumbnail","hentry","category-blog"],"yoast_head":"<!-- This site is optimized with the Yoast SEO plugin v27.4 - https:\/\/yoast.com\/product\/yoast-seo-wordpress\/ -->\n<title>Verney Carron : histoire et armes de la manufacture fran\u00e7aise - Essai Armes<\/title>\n<meta name=\"robots\" content=\"index, follow, max-snippet:-1, max-image-preview:large, max-video-preview:-1\" \/>\n<link rel=\"canonical\" href=\"https:\/\/essai-armes.fr\/en\/verney-carron-histoire-armes-manufacture-francaise\/\" \/>\n<meta property=\"og:locale\" content=\"en_GB\" \/>\n<meta property=\"og:type\" content=\"article\" \/>\n<meta property=\"og:title\" content=\"Verney Carron : histoire et armes de la manufacture fran\u00e7aise - Essai Armes\" \/>\n<meta property=\"og:description\" content=\"L&rsquo;article en bref Verney Carron repr\u00e9sente l&rsquo;excellence de l&rsquo;armurerie fran\u00e7aise avec deux si\u00e8cles d&rsquo;histoire et de savoir-faire artisanal. Une manufacture historique bas\u00e9e \u00e0 Saint-\u00c9tienne, berceau de l&rsquo;armurerie fran\u00e7aise, ma\u00eetrisant l&rsquo;int\u00e9gralit\u00e9 de la cha\u00eene de production depuis plus de 200 ans Une reprise strat\u00e9gique par le groupe Rivolier en juin 2025, sauvant 55 emplois et injectant ... Read more\" \/>\n<meta property=\"og:url\" content=\"https:\/\/essai-armes.fr\/en\/verney-carron-histoire-armes-manufacture-francaise\/\" \/>\n<meta property=\"og:site_name\" content=\"Essai Armes\" \/>\n<meta property=\"article:published_time\" content=\"2026-01-24T18:25:00+00:00\" \/>\n<meta name=\"author\" content=\"Damien\" \/>\n<meta name=\"twitter:card\" content=\"summary_large_image\" \/>\n<meta name=\"twitter:label1\" content=\"Written by\" \/>\n\t<meta name=\"twitter:data1\" content=\"Damien\" \/>\n\t<meta name=\"twitter:label2\" content=\"Estimated reading time\" \/>\n\t<meta name=\"twitter:data2\" content=\"7 minutes\" \/>\n<script type=\"application\/ld+json\" class=\"yoast-schema-graph\">{\"@context\":\"https:\\\/\\\/schema.org\",\"@graph\":[{\"@type\":\"Article\",\"@id\":\"https:\\\/\\\/essai-armes.fr\\\/en\\\/verney-carron-histoire-armes-manufacture-francaise\\\/#article\",\"isPartOf\":{\"@id\":\"https:\\\/\\\/essai-armes.fr\\\/en\\\/verney-carron-histoire-armes-manufacture-francaise\\\/\"},\"author\":{\"name\":\"Damien\",\"@id\":\"https:\\\/\\\/essai-armes.fr\\\/en\\\/#\\\/schema\\\/person\\\/3ee005425b0b49de03b99036963c456d\"},\"headline\":\"Verney Carron : histoire et armes de la manufacture fran\u00e7aise\",\"datePublished\":\"2026-01-24T18:25:00+00:00\",\"mainEntityOfPage\":{\"@id\":\"https:\\\/\\\/essai-armes.fr\\\/en\\\/verney-carron-histoire-armes-manufacture-francaise\\\/\"},\"wordCount\":1476,\"commentCount\":0,\"publisher\":{\"@id\":\"https:\\\/\\\/essai-armes.fr\\\/en\\\/#organization\"},\"image\":{\"@id\":\"https:\\\/\\\/essai-armes.fr\\\/en\\\/verney-carron-histoire-armes-manufacture-francaise\\\/#primaryimage\"},\"thumbnailUrl\":\"https:\\\/\\\/essai-armes.fr\\\/wp-content\\\/uploads\\\/2026\\\/01\\\/manufacture_d_armes_verney_carron_3889.jpg\",\"articleSection\":[\"Blog\"],\"inLanguage\":\"en-GB\",\"potentialAction\":[{\"@type\":\"CommentAction\",\"name\":\"Comment\",\"target\":[\"https:\\\/\\\/essai-armes.fr\\\/en\\\/verney-carron-histoire-armes-manufacture-francaise\\\/#respond\"]}]},{\"@type\":\"WebPage\",\"@id\":\"https:\\\/\\\/essai-armes.fr\\\/en\\\/verney-carron-histoire-armes-manufacture-francaise\\\/\",\"url\":\"https:\\\/\\\/essai-armes.fr\\\/en\\\/verney-carron-histoire-armes-manufacture-francaise\\\/\",\"name\":\"Verney Carron : histoire et armes de la manufacture fran\u00e7aise - Essai Armes\",\"isPartOf\":{\"@id\":\"https:\\\/\\\/essai-armes.fr\\\/en\\\/#website\"},\"primaryImageOfPage\":{\"@id\":\"https:\\\/\\\/essai-armes.fr\\\/en\\\/verney-carron-histoire-armes-manufacture-francaise\\\/#primaryimage\"},\"image\":{\"@id\":\"https:\\\/\\\/essai-armes.fr\\\/en\\\/verney-carron-histoire-armes-manufacture-francaise\\\/#primaryimage\"},\"thumbnailUrl\":\"https:\\\/\\\/essai-armes.fr\\\/wp-content\\\/uploads\\\/2026\\\/01\\\/manufacture_d_armes_verney_carron_3889.jpg\",\"datePublished\":\"2026-01-24T18:25:00+00:00\",\"breadcrumb\":{\"@id\":\"https:\\\/\\\/essai-armes.fr\\\/en\\\/verney-carron-histoire-armes-manufacture-francaise\\\/#breadcrumb\"},\"inLanguage\":\"en-GB\",\"potentialAction\":[{\"@type\":\"ReadAction\",\"target\":[\"https:\\\/\\\/essai-armes.fr\\\/en\\\/verney-carron-histoire-armes-manufacture-francaise\\\/\"]}]},{\"@type\":\"ImageObject\",\"inLanguage\":\"en-GB\",\"@id\":\"https:\\\/\\\/essai-armes.fr\\\/en\\\/verney-carron-histoire-armes-manufacture-francaise\\\/#primaryimage\",\"url\":\"https:\\\/\\\/essai-armes.fr\\\/wp-content\\\/uploads\\\/2026\\\/01\\\/manufacture_d_armes_verney_carron_3889.jpg\",\"contentUrl\":\"https:\\\/\\\/essai-armes.fr\\\/wp-content\\\/uploads\\\/2026\\\/01\\\/manufacture_d_armes_verney_carron_3889.jpg\",\"width\":1440,\"height\":960,\"caption\":\"Verney Carron : histoire et armes de la manufacture fran\u00e7aise\"},{\"@type\":\"BreadcrumbList\",\"@id\":\"https:\\\/\\\/essai-armes.fr\\\/en\\\/verney-carron-histoire-armes-manufacture-francaise\\\/#breadcrumb\",\"itemListElement\":[{\"@type\":\"ListItem\",\"position\":1,\"name\":\"Accueil\",\"item\":\"https:\\\/\\\/essai-armes.fr\\\/\"},{\"@type\":\"ListItem\",\"position\":2,\"name\":\"Verney Carron : histoire et armes de la manufacture fran\u00e7aise\"}]},{\"@type\":\"WebSite\",\"@id\":\"https:\\\/\\\/essai-armes.fr\\\/en\\\/#website\",\"url\":\"https:\\\/\\\/essai-armes.fr\\\/en\\\/\",\"name\":\"Essai Armes\",\"description\":\"\",\"publisher\":{\"@id\":\"https:\\\/\\\/essai-armes.fr\\\/en\\\/#organization\"},\"potentialAction\":[{\"@type\":\"SearchAction\",\"target\":{\"@type\":\"EntryPoint\",\"urlTemplate\":\"https:\\\/\\\/essai-armes.fr\\\/en\\\/?s={search_term_string}\"},\"query-input\":{\"@type\":\"PropertyValueSpecification\",\"valueRequired\":true,\"valueName\":\"search_term_string\"}}],\"inLanguage\":\"en-GB\"},{\"@type\":\"Organization\",\"@id\":\"https:\\\/\\\/essai-armes.fr\\\/en\\\/#organization\",\"name\":\"Essai Armes\",\"url\":\"https:\\\/\\\/essai-armes.fr\\\/en\\\/\",\"logo\":{\"@type\":\"ImageObject\",\"inLanguage\":\"en-GB\",\"@id\":\"https:\\\/\\\/essai-armes.fr\\\/en\\\/#\\\/schema\\\/logo\\\/image\\\/\",\"url\":\"https:\\\/\\\/essai-armes.fr\\\/wp-content\\\/uploads\\\/2023\\\/06\\\/logo.png\",\"contentUrl\":\"https:\\\/\\\/essai-armes.fr\\\/wp-content\\\/uploads\\\/2023\\\/06\\\/logo.png\",\"width\":624,\"height\":489,\"caption\":\"Essai Armes\"},\"image\":{\"@id\":\"https:\\\/\\\/essai-armes.fr\\\/en\\\/#\\\/schema\\\/logo\\\/image\\\/\"}},{\"@type\":\"Person\",\"@id\":\"https:\\\/\\\/essai-armes.fr\\\/en\\\/#\\\/schema\\\/person\\\/3ee005425b0b49de03b99036963c456d\",\"name\":\"Damien\",\"image\":{\"@type\":\"ImageObject\",\"inLanguage\":\"en-GB\",\"@id\":\"https:\\\/\\\/secure.gravatar.com\\\/avatar\\\/ce38768ebaf5d044c623efd7ff10a6ad2e1bf4f59b1039f5295b8e35e82bb447?s=96&d=mm&r=g\",\"url\":\"https:\\\/\\\/secure.gravatar.com\\\/avatar\\\/ce38768ebaf5d044c623efd7ff10a6ad2e1bf4f59b1039f5295b8e35e82bb447?s=96&d=mm&r=g\",\"contentUrl\":\"https:\\\/\\\/secure.gravatar.com\\\/avatar\\\/ce38768ebaf5d044c623efd7ff10a6ad2e1bf4f59b1039f5295b8e35e82bb447?s=96&d=mm&r=g\",\"caption\":\"Damien\"},\"url\":\"https:\\\/\\\/essai-armes.fr\\\/en\\\/author\\\/damien\\\/\"}]}<\/script>\n<!-- \/ Yoast SEO plugin. -->","yoast_head_json":{"title":"Verney Carron : histoire et armes de la manufacture fran\u00e7aise - Essai Armes","robots":{"index":"index","follow":"follow","max-snippet":"max-snippet:-1","max-image-preview":"max-image-preview:large","max-video-preview":"max-video-preview:-1"},"canonical":"https:\/\/essai-armes.fr\/en\/verney-carron-histoire-armes-manufacture-francaise\/","og_locale":"en_GB","og_type":"article","og_title":"Verney Carron : histoire et armes de la manufacture fran\u00e7aise - Essai Armes","og_description":"L&rsquo;article en bref Verney Carron repr\u00e9sente l&rsquo;excellence de l&rsquo;armurerie fran\u00e7aise avec deux si\u00e8cles d&rsquo;histoire et de savoir-faire artisanal. Une manufacture historique bas\u00e9e \u00e0 Saint-\u00c9tienne, berceau de l&rsquo;armurerie fran\u00e7aise, ma\u00eetrisant l&rsquo;int\u00e9gralit\u00e9 de la cha\u00eene de production depuis plus de 200 ans Une reprise strat\u00e9gique par le groupe Rivolier en juin 2025, sauvant 55 emplois et injectant ... Read more","og_url":"https:\/\/essai-armes.fr\/en\/verney-carron-histoire-armes-manufacture-francaise\/","og_site_name":"Essai Armes","article_published_time":"2026-01-24T18:25:00+00:00","author":"Damien","twitter_card":"summary_large_image","twitter_misc":{"Written by":"Damien","Estimated reading time":"7 minutes"},"schema":{"@context":"https:\/\/schema.org","@graph":[{"@type":"Article","@id":"https:\/\/essai-armes.fr\/en\/verney-carron-histoire-armes-manufacture-francaise\/#article","isPartOf":{"@id":"https:\/\/essai-armes.fr\/en\/verney-carron-histoire-armes-manufacture-francaise\/"},"author":{"name":"Damien","@id":"https:\/\/essai-armes.fr\/en\/#\/schema\/person\/3ee005425b0b49de03b99036963c456d"},"headline":"Verney Carron : histoire et armes de la manufacture fran\u00e7aise","datePublished":"2026-01-24T18:25:00+00:00","mainEntityOfPage":{"@id":"https:\/\/essai-armes.fr\/en\/verney-carron-histoire-armes-manufacture-francaise\/"},"wordCount":1476,"commentCount":0,"publisher":{"@id":"https:\/\/essai-armes.fr\/en\/#organization"},"image":{"@id":"https:\/\/essai-armes.fr\/en\/verney-carron-histoire-armes-manufacture-francaise\/#primaryimage"},"thumbnailUrl":"https:\/\/essai-armes.fr\/wp-content\/uploads\/2026\/01\/manufacture_d_armes_verney_carron_3889.jpg","articleSection":["Blog"],"inLanguage":"en-GB","potentialAction":[{"@type":"CommentAction","name":"Comment","target":["https:\/\/essai-armes.fr\/en\/verney-carron-histoire-armes-manufacture-francaise\/#respond"]}]},{"@type":"WebPage","@id":"https:\/\/essai-armes.fr\/en\/verney-carron-histoire-armes-manufacture-francaise\/","url":"https:\/\/essai-armes.fr\/en\/verney-carron-histoire-armes-manufacture-francaise\/","name":"Verney Carron : histoire et armes de la manufacture fran\u00e7aise - Essai Armes","isPartOf":{"@id":"https:\/\/essai-armes.fr\/en\/#website"},"primaryImageOfPage":{"@id":"https:\/\/essai-armes.fr\/en\/verney-carron-histoire-armes-manufacture-francaise\/#primaryimage"},"image":{"@id":"https:\/\/essai-armes.fr\/en\/verney-carron-histoire-armes-manufacture-francaise\/#primaryimage"},"thumbnailUrl":"https:\/\/essai-armes.fr\/wp-content\/uploads\/2026\/01\/manufacture_d_armes_verney_carron_3889.jpg","datePublished":"2026-01-24T18:25:00+00:00","breadcrumb":{"@id":"https:\/\/essai-armes.fr\/en\/verney-carron-histoire-armes-manufacture-francaise\/#breadcrumb"},"inLanguage":"en-GB","potentialAction":[{"@type":"ReadAction","target":["https:\/\/essai-armes.fr\/en\/verney-carron-histoire-armes-manufacture-francaise\/"]}]},{"@type":"ImageObject","inLanguage":"en-GB","@id":"https:\/\/essai-armes.fr\/en\/verney-carron-histoire-armes-manufacture-francaise\/#primaryimage","url":"https:\/\/essai-armes.fr\/wp-content\/uploads\/2026\/01\/manufacture_d_armes_verney_carron_3889.jpg","contentUrl":"https:\/\/essai-armes.fr\/wp-content\/uploads\/2026\/01\/manufacture_d_armes_verney_carron_3889.jpg","width":1440,"height":960,"caption":"Verney Carron : histoire et armes de la manufacture fran\u00e7aise"},{"@type":"BreadcrumbList","@id":"https:\/\/essai-armes.fr\/en\/verney-carron-histoire-armes-manufacture-francaise\/#breadcrumb","itemListElement":[{"@type":"ListItem","position":1,"name":"Accueil","item":"https:\/\/essai-armes.fr\/"},{"@type":"ListItem","position":2,"name":"Verney Carron : histoire et armes de la manufacture fran\u00e7aise"}]},{"@type":"WebSite","@id":"https:\/\/essai-armes.fr\/en\/#website","url":"https:\/\/essai-armes.fr\/en\/","name":"Weapons trial","description":"","publisher":{"@id":"https:\/\/essai-armes.fr\/en\/#organization"},"potentialAction":[{"@type":"SearchAction","target":{"@type":"EntryPoint","urlTemplate":"https:\/\/essai-armes.fr\/en\/?s={search_term_string}"},"query-input":{"@type":"PropertyValueSpecification","valueRequired":true,"valueName":"search_term_string"}}],"inLanguage":"en-GB"},{"@type":"Organization","@id":"https:\/\/essai-armes.fr\/en\/#organization","name":"Weapons trial","url":"https:\/\/essai-armes.fr\/en\/","logo":{"@type":"ImageObject","inLanguage":"en-GB","@id":"https:\/\/essai-armes.fr\/en\/#\/schema\/logo\/image\/","url":"https:\/\/essai-armes.fr\/wp-content\/uploads\/2023\/06\/logo.png","contentUrl":"https:\/\/essai-armes.fr\/wp-content\/uploads\/2023\/06\/logo.png","width":624,"height":489,"caption":"Essai Armes"},"image":{"@id":"https:\/\/essai-armes.fr\/en\/#\/schema\/logo\/image\/"}},{"@type":"Person","@id":"https:\/\/essai-armes.fr\/en\/#\/schema\/person\/3ee005425b0b49de03b99036963c456d","name":"Damien","image":{"@type":"ImageObject","inLanguage":"en-GB","@id":"https:\/\/secure.gravatar.com\/avatar\/ce38768ebaf5d044c623efd7ff10a6ad2e1bf4f59b1039f5295b8e35e82bb447?s=96&d=mm&r=g","url":"https:\/\/secure.gravatar.com\/avatar\/ce38768ebaf5d044c623efd7ff10a6ad2e1bf4f59b1039f5295b8e35e82bb447?s=96&d=mm&r=g","contentUrl":"https:\/\/secure.gravatar.com\/avatar\/ce38768ebaf5d044c623efd7ff10a6ad2e1bf4f59b1039f5295b8e35e82bb447?s=96&d=mm&r=g","caption":"Damien"},"url":"https:\/\/essai-armes.fr\/en\/author\/damien\/"}]}},"_links":{"self":[{"href":"https:\/\/essai-armes.fr\/en\/wp-json\/wp\/v2\/posts\/3687","targetHints":{"allow":["GET"]}}],"collection":[{"href":"https:\/\/essai-armes.fr\/en\/wp-json\/wp\/v2\/posts"}],"about":[{"href":"https:\/\/essai-armes.fr\/en\/wp-json\/wp\/v2\/types\/post"}],"author":[{"embeddable":true,"href":"https:\/\/essai-armes.fr\/en\/wp-json\/wp\/v2\/users\/2"}],"replies":[{"embeddable":true,"href":"https:\/\/essai-armes.fr\/en\/wp-json\/wp\/v2\/comments?post=3687"}],"version-history":[{"count":0,"href":"https:\/\/essai-armes.fr\/en\/wp-json\/wp\/v2\/posts\/3687\/revisions"}],"wp:featuredmedia":[{"embeddable":true,"href":"https:\/\/essai-armes.fr\/en\/wp-json\/wp\/v2\/media\/3686"}],"wp:attachment":[{"href":"https:\/\/essai-armes.fr\/en\/wp-json\/wp\/v2\/media?parent=3687"}],"wp:term":[{"taxonomy":"category","embeddable":true,"href":"https:\/\/essai-armes.fr\/en\/wp-json\/wp\/v2\/categories?post=3687"},{"taxonomy":"post_tag","embeddable":true,"href":"https:\/\/essai-armes.fr\/en\/wp-json\/wp\/v2\/tags?post=3687"}],"curies":[{"name":"wp","href":"https:\/\/api.w.org\/{rel}","templated":true}]}}