{"id":3165,"date":"2025-08-25T17:37:00","date_gmt":"2025-08-25T17:37:00","guid":{"rendered":"https:\/\/essai-armes.fr\/amx-13-retour-blinde-francais-qui-a-marque-lhistoire-militaire-2\/"},"modified":"2025-08-25T17:37:00","modified_gmt":"2025-08-25T17:37:00","slug":"amx-13-retour-blinde-francais-qui-a-marque-lhistoire-militaire-2","status":"publish","type":"post","link":"https:\/\/essai-armes.fr\/en\/amx-13-retour-blinde-francais-qui-a-marque-lhistoire-militaire-2\/","title":{"rendered":"AMX-13 : retour sur le blind\u00e9 fran\u00e7ais qui a marqu\u00e9 l\u2019histoire militaire"},"content":{"rendered":"<p>Je me souviens encore du premier <strong>AMX-13<\/strong> que j&rsquo;ai eu l&rsquo;occasion d&rsquo;examiner de pr\u00e8s lors d&rsquo;une exposition militaire dans les ann\u00e9es 90. Cette silhouette \u00e9lanc\u00e9e, cette tourelle oscillante si particuli\u00e8re&#8230; Vous savez, quand on passe sa vie \u00e0 \u00e9tudier les m\u00e9caniques d&rsquo;armement, certaines cr\u00e9ations marquent vraiment l&rsquo;esprit. L&rsquo;<em>AMX-13<\/em> fait partie de ces blind\u00e9s qui ont r\u00e9volutionn\u00e9 leur \u00e9poque.<\/p>\n<p>D\u00e9velopp\u00e9 dans l&rsquo;apr\u00e8s-guerre par l&rsquo;Atelier de Construction d&rsquo;Issy-les-Moulineaux, ce <strong>char l\u00e9ger fran\u00e7ais<\/strong> a litt\u00e9ralement bouscul\u00e9 les codes \u00e9tablis. Contrairement aux mastodontes am\u00e9ricains ou sovi\u00e9tiques de l&rsquo;\u00e9poque, nos ing\u00e9nieurs ont mis\u00e9 sur la mobilit\u00e9 et l&rsquo;innovation technique. Un pari audacieux qui s&rsquo;est av\u00e9r\u00e9 payant sur tous les fronts.<\/p>\n<h2>La r\u00e9volution technique de l&rsquo;AMX-13<\/h2>\n<p>Ce qui frappe d&#8217;embl\u00e9e chez ce <strong>blind\u00e9 fran\u00e7ais<\/strong>, c&rsquo;est sa <em>tourelle oscillante<\/em>. Un syst\u00e8me que j&rsquo;ai toujours trouv\u00e9 captivant d&rsquo;un point de vue m\u00e9canique. Plut\u00f4t que d&rsquo;utiliser un syst\u00e8me de hausse classique, les concepteurs ont opt\u00e9 pour une tourelle en deux parties : une partie fixe et une partie mobile qui bascule pour pointer le canon.<\/p>\n<p>Cette innovation permettait un <strong>rechargement automatique<\/strong> particuli\u00e8rement efficace. Le syst\u00e8me \u00e0 barillet de 12 coups offrait une cadence de tir remarquable pour l&rsquo;\u00e9poque. J&rsquo;ai eu la chance de discuter avec d&rsquo;anciens m\u00e9caniciens qui ont travaill\u00e9 sur ces machines : ils m&rsquo;ont expliqu\u00e9 que ce m\u00e9canisme, bien qu&rsquo;ing\u00e9nieux, demandait un entretien minutieux.<\/p>\n<p>Le ch\u00e2ssis de 15 tonnes seulement cachait une <em>m\u00e9canique sophistiqu\u00e9e<\/em>. Le moteur SOFAM 8Gxb de 250 chevaux propulsait ce blind\u00e9 \u00e0 des vitesses impressionnantes pour l&rsquo;\u00e9poque. Sur route, l&rsquo;AMX-13 atteignait facilement les 60 km\/h, une performance qui laissait ses contemporains sur place.<\/p>\n<p>L&rsquo;armement principal variait selon les versions, mais le <strong>canon de 75mm<\/strong> reste le plus iconique. Cette pi\u00e8ce d&rsquo;artillerie, d\u00e9riv\u00e9e du canon allemand Panther, offrait une pr\u00e9cision redoutable. Les munitions \u00e9taient stock\u00e9es dans la tourelle, un choix technique qui facilitait le rechargement mais posait quelques questions de s\u00e9curit\u00e9.<\/p>\n<h2>L&rsquo;impact mondial du blind\u00e9 fran\u00e7ais<\/h2>\n<p>Quand je regarde les chiffres de production, je suis toujours impressionn\u00e9. Plus de <strong>7 700 exemplaires<\/strong> produits et export\u00e9s dans une soixantaine de pays ! Ce succ\u00e8s commercial t\u00e9moigne des qualit\u00e9s intrins\u00e8ques de cette machine.<\/p>\n<p>L&rsquo;AMX-13 a particip\u00e9 \u00e0 de nombreux conflits \u00e0 travers le monde. De la guerre des Six Jours au Liban, en passant par les op\u00e9rations en Afrique, ce <em>char l\u00e9ger<\/em> a prouv\u00e9 sa valeur op\u00e9rationnelle dans des conditions extr\u00eames.<\/p>\n<p>Voici les principales variantes qui ont marqu\u00e9 l&rsquo;histoire militaire :<\/p>\n<ul>\n<li><strong>AMX-13\/75<\/strong> : Version standard avec canon de 75mm<\/li>\n<li><strong>AMX-13\/90<\/strong> : Modernisation avec canon de 90mm<\/li>\n<li><strong>AMX-13 DCA<\/strong> : Version antia\u00e9rienne avec canons jumel\u00e9s<\/li>\n<li><strong>AMX-13 VCI<\/strong> : Transport de troupes blind\u00e9<\/li>\n<li><strong>AMX-13 SS-11<\/strong> : Lance-missiles antichar<\/li>\n<\/ul>\n<p>Un jour, lors d&rsquo;une vente aux ench\u00e8res militaires, j&rsquo;ai crois\u00e9 un ancien tankiste isra\u00e9lien qui m&rsquo;a racont\u00e9 ses souvenirs de combat avec l&rsquo;AMX-13. Il m&rsquo;a confi\u00e9 que la <em>rapidit\u00e9 d&rsquo;engagement<\/em> de ce blind\u00e9 lui avait sauv\u00e9 la vie \u00e0 plusieurs reprises. Cette mobilit\u00e9 tactique compensait largement le blindage plus l\u00e9ger.<\/p>\n<table>\n<tr>\n<th>Features<\/th>\n<th>AMX-13\/75<\/th>\n<th>AMX-13\/90<\/th>\n<\/tr>\n<tr>\n<td>Weight<\/td>\n<td>15 tonnes<\/td>\n<td>15,2 tonnes<\/td>\n<\/tr>\n<tr>\n<td>Vitesse max<\/td>\n<td>60 km\/h<\/td>\n<td>60 km\/h<\/td>\n<\/tr>\n<tr>\n<td>Autonomie<\/td>\n<td>350 km<\/td>\n<td>350 km<\/td>\n<\/tr>\n<tr>\n<td>\u00c9quipage<\/td>\n<td>3 hommes<\/td>\n<td>3 hommes<\/td>\n<\/tr>\n<tr>\n<td>Blindage max<\/td>\n<td>40 mm<\/td>\n<td>40 mm<\/td>\n<\/tr>\n<\/table>\n<h2>L&rsquo;h\u00e9ritage durable de cette innovation fran\u00e7aise<\/h2>\n<p>Ce qui rend l&rsquo;<strong>AMX-13 exceptionnel<\/strong>, c&rsquo;est son influence sur les d\u00e9veloppements ult\u00e9rieurs. Cette approche du <em>char l\u00e9ger polyvalent<\/em> a inspir\u00e9 de nombreux constructeurs mondiaux. La philosophie fran\u00e7aise du blind\u00e9 rapide et technologiquement avanc\u00e9 a fait \u00e9cole.<\/p>\n<p>Aujourd&rsquo;hui encore, quand j&rsquo;observe les derniers d\u00e9veloppements en mati\u00e8re de blind\u00e9s, je retrouve certains concepts initi\u00e9s par l&rsquo;AMX-13. L&rsquo;importance accord\u00e9e \u00e0 la <strong>mobilit\u00e9 tactique<\/strong> et aux <em>syst\u00e8mes automatis\u00e9s<\/em> reste une constante dans la conception moderne.<\/p>\n<p>Cette machine fran\u00e7aise a d\u00e9montr\u00e9 qu&rsquo;on pouvait rivaliser avec les grandes puissances militaires gr\u00e2ce \u00e0 l&rsquo;innovation plut\u00f4t qu&rsquo;au gigantisme. Un enseignement qui reste d&rsquo;actualit\u00e9 dans notre industrie de d\u00e9fense contemporaine.<\/p>\n<div style='text-align:center;'><iframe width='560' height='315' src='https:\/\/www.youtube.com\/embed\/_bz0TWJqIuo' frameborder='0' allow='accelerometer; autoplay; clipboard-write; encrypted-media; gyroscope; picture-in-picture' allowfullscreen><\/iframe><\/div>","protected":false},"excerpt":{"rendered":"<p>Je me souviens encore du premier AMX-13 que j&rsquo;ai eu l&rsquo;occasion d&rsquo;examiner de pr\u00e8s lors d&rsquo;une exposition militaire dans les ann\u00e9es 90. Cette silhouette \u00e9lanc\u00e9e, cette tourelle oscillante si particuli\u00e8re&#8230; Vous savez, quand on passe sa vie \u00e0 \u00e9tudier les m\u00e9caniques d&rsquo;armement, certaines cr\u00e9ations marquent vraiment l&rsquo;esprit. L&rsquo;AMX-13 fait partie de ces blind\u00e9s qui ont &#8230; <a title=\"AMX-13 : retour sur le blind\u00e9 fran\u00e7ais qui a marqu\u00e9 l\u2019histoire militaire\" class=\"read-more\" href=\"https:\/\/essai-armes.fr\/en\/amx-13-retour-blinde-francais-qui-a-marque-lhistoire-militaire-2\/\" aria-label=\"Read more about AMX-13 : retour sur le blind\u00e9 fran\u00e7ais qui a marqu\u00e9 l\u2019histoire militaire\">Read more<\/a><\/p>","protected":false},"author":2,"featured_media":3164,"comment_status":"open","ping_status":"","sticky":false,"template":"","format":"standard","meta":{"footnotes":""},"categories":[1],"tags":[],"class_list":["post-3165","post","type-post","status-publish","format-standard","has-post-thumbnail","hentry","category-blog"],"yoast_head":"<!-- This site is optimized with the Yoast SEO plugin v27.4 - https:\/\/yoast.com\/product\/yoast-seo-wordpress\/ -->\n<title>AMX-13 : retour sur le blind\u00e9 fran\u00e7ais qui a marqu\u00e9 l\u2019histoire militaire - Essai Armes<\/title>\n<meta name=\"robots\" content=\"index, follow, max-snippet:-1, max-image-preview:large, max-video-preview:-1\" \/>\n<link rel=\"canonical\" href=\"https:\/\/essai-armes.fr\/en\/amx-13-retour-blinde-francais-qui-a-marque-lhistoire-militaire-2\/\" \/>\n<meta property=\"og:locale\" content=\"en_GB\" \/>\n<meta property=\"og:type\" content=\"article\" \/>\n<meta property=\"og:title\" content=\"AMX-13 : retour sur le blind\u00e9 fran\u00e7ais qui a marqu\u00e9 l\u2019histoire militaire - Essai Armes\" \/>\n<meta property=\"og:description\" content=\"Je me souviens encore du premier AMX-13 que j&rsquo;ai eu l&rsquo;occasion d&rsquo;examiner de pr\u00e8s lors d&rsquo;une exposition militaire dans les ann\u00e9es 90. Cette silhouette \u00e9lanc\u00e9e, cette tourelle oscillante si particuli\u00e8re&#8230; Vous savez, quand on passe sa vie \u00e0 \u00e9tudier les m\u00e9caniques d&rsquo;armement, certaines cr\u00e9ations marquent vraiment l&rsquo;esprit. L&rsquo;AMX-13 fait partie de ces blind\u00e9s qui ont ... Read more\" \/>\n<meta property=\"og:url\" content=\"https:\/\/essai-armes.fr\/en\/amx-13-retour-blinde-francais-qui-a-marque-lhistoire-militaire-2\/\" \/>\n<meta property=\"og:site_name\" content=\"Essai Armes\" \/>\n<meta property=\"article:published_time\" content=\"2025-08-25T17:37:00+00:00\" \/>\n<meta name=\"author\" content=\"Damien\" \/>\n<meta name=\"twitter:card\" content=\"summary_large_image\" \/>\n<meta name=\"twitter:label1\" content=\"Written by\" \/>\n\t<meta name=\"twitter:data1\" content=\"Damien\" \/>\n\t<meta name=\"twitter:label2\" content=\"Estimated reading time\" \/>\n\t<meta name=\"twitter:data2\" content=\"3 minutes\" \/>\n<script type=\"application\/ld+json\" class=\"yoast-schema-graph\">{\"@context\":\"https:\\\/\\\/schema.org\",\"@graph\":[{\"@type\":\"Article\",\"@id\":\"https:\\\/\\\/essai-armes.fr\\\/en\\\/amx-13-retour-blinde-francais-qui-a-marque-lhistoire-militaire-2\\\/#article\",\"isPartOf\":{\"@id\":\"https:\\\/\\\/essai-armes.fr\\\/en\\\/amx-13-retour-blinde-francais-qui-a-marque-lhistoire-militaire-2\\\/\"},\"author\":{\"name\":\"Damien\",\"@id\":\"https:\\\/\\\/essai-armes.fr\\\/en\\\/#\\\/schema\\\/person\\\/3ee005425b0b49de03b99036963c456d\"},\"headline\":\"AMX-13 : retour sur le blind\u00e9 fran\u00e7ais qui a marqu\u00e9 l\u2019histoire militaire\",\"datePublished\":\"2025-08-25T17:37:00+00:00\",\"mainEntityOfPage\":{\"@id\":\"https:\\\/\\\/essai-armes.fr\\\/en\\\/amx-13-retour-blinde-francais-qui-a-marque-lhistoire-militaire-2\\\/\"},\"wordCount\":718,\"commentCount\":0,\"publisher\":{\"@id\":\"https:\\\/\\\/essai-armes.fr\\\/en\\\/#organization\"},\"image\":{\"@id\":\"https:\\\/\\\/essai-armes.fr\\\/en\\\/amx-13-retour-blinde-francais-qui-a-marque-lhistoire-militaire-2\\\/#primaryimage\"},\"thumbnailUrl\":\"https:\\\/\\\/essai-armes.fr\\\/wp-content\\\/uploads\\\/2025\\\/08\\\/amx_13_blinde_historique_francais_9912.jpg\",\"articleSection\":[\"Blog\"],\"inLanguage\":\"en-GB\",\"potentialAction\":[{\"@type\":\"CommentAction\",\"name\":\"Comment\",\"target\":[\"https:\\\/\\\/essai-armes.fr\\\/en\\\/amx-13-retour-blinde-francais-qui-a-marque-lhistoire-militaire-2\\\/#respond\"]}]},{\"@type\":\"WebPage\",\"@id\":\"https:\\\/\\\/essai-armes.fr\\\/en\\\/amx-13-retour-blinde-francais-qui-a-marque-lhistoire-militaire-2\\\/\",\"url\":\"https:\\\/\\\/essai-armes.fr\\\/en\\\/amx-13-retour-blinde-francais-qui-a-marque-lhistoire-militaire-2\\\/\",\"name\":\"AMX-13 : retour sur le blind\u00e9 fran\u00e7ais qui a marqu\u00e9 l\u2019histoire militaire - Essai Armes\",\"isPartOf\":{\"@id\":\"https:\\\/\\\/essai-armes.fr\\\/en\\\/#website\"},\"primaryImageOfPage\":{\"@id\":\"https:\\\/\\\/essai-armes.fr\\\/en\\\/amx-13-retour-blinde-francais-qui-a-marque-lhistoire-militaire-2\\\/#primaryimage\"},\"image\":{\"@id\":\"https:\\\/\\\/essai-armes.fr\\\/en\\\/amx-13-retour-blinde-francais-qui-a-marque-lhistoire-militaire-2\\\/#primaryimage\"},\"thumbnailUrl\":\"https:\\\/\\\/essai-armes.fr\\\/wp-content\\\/uploads\\\/2025\\\/08\\\/amx_13_blinde_historique_francais_9912.jpg\",\"datePublished\":\"2025-08-25T17:37:00+00:00\",\"breadcrumb\":{\"@id\":\"https:\\\/\\\/essai-armes.fr\\\/en\\\/amx-13-retour-blinde-francais-qui-a-marque-lhistoire-militaire-2\\\/#breadcrumb\"},\"inLanguage\":\"en-GB\",\"potentialAction\":[{\"@type\":\"ReadAction\",\"target\":[\"https:\\\/\\\/essai-armes.fr\\\/en\\\/amx-13-retour-blinde-francais-qui-a-marque-lhistoire-militaire-2\\\/\"]}]},{\"@type\":\"ImageObject\",\"inLanguage\":\"en-GB\",\"@id\":\"https:\\\/\\\/essai-armes.fr\\\/en\\\/amx-13-retour-blinde-francais-qui-a-marque-lhistoire-militaire-2\\\/#primaryimage\",\"url\":\"https:\\\/\\\/essai-armes.fr\\\/wp-content\\\/uploads\\\/2025\\\/08\\\/amx_13_blinde_historique_francais_9912.jpg\",\"contentUrl\":\"https:\\\/\\\/essai-armes.fr\\\/wp-content\\\/uploads\\\/2025\\\/08\\\/amx_13_blinde_historique_francais_9912.jpg\",\"width\":1344,\"height\":896,\"caption\":\"AMX-13 : retour sur le blind\u00e9 fran\u00e7ais qui a marqu\u00e9 l\u2019histoire militaire\"},{\"@type\":\"BreadcrumbList\",\"@id\":\"https:\\\/\\\/essai-armes.fr\\\/en\\\/amx-13-retour-blinde-francais-qui-a-marque-lhistoire-militaire-2\\\/#breadcrumb\",\"itemListElement\":[{\"@type\":\"ListItem\",\"position\":1,\"name\":\"Accueil\",\"item\":\"https:\\\/\\\/essai-armes.fr\\\/\"},{\"@type\":\"ListItem\",\"position\":2,\"name\":\"AMX-13 : retour sur le blind\u00e9 fran\u00e7ais qui a marqu\u00e9 l\u2019histoire militaire\"}]},{\"@type\":\"WebSite\",\"@id\":\"https:\\\/\\\/essai-armes.fr\\\/en\\\/#website\",\"url\":\"https:\\\/\\\/essai-armes.fr\\\/en\\\/\",\"name\":\"Essai Armes\",\"description\":\"\",\"publisher\":{\"@id\":\"https:\\\/\\\/essai-armes.fr\\\/en\\\/#organization\"},\"potentialAction\":[{\"@type\":\"SearchAction\",\"target\":{\"@type\":\"EntryPoint\",\"urlTemplate\":\"https:\\\/\\\/essai-armes.fr\\\/en\\\/?s={search_term_string}\"},\"query-input\":{\"@type\":\"PropertyValueSpecification\",\"valueRequired\":true,\"valueName\":\"search_term_string\"}}],\"inLanguage\":\"en-GB\"},{\"@type\":\"Organization\",\"@id\":\"https:\\\/\\\/essai-armes.fr\\\/en\\\/#organization\",\"name\":\"Essai Armes\",\"url\":\"https:\\\/\\\/essai-armes.fr\\\/en\\\/\",\"logo\":{\"@type\":\"ImageObject\",\"inLanguage\":\"en-GB\",\"@id\":\"https:\\\/\\\/essai-armes.fr\\\/en\\\/#\\\/schema\\\/logo\\\/image\\\/\",\"url\":\"https:\\\/\\\/essai-armes.fr\\\/wp-content\\\/uploads\\\/2023\\\/06\\\/logo.png\",\"contentUrl\":\"https:\\\/\\\/essai-armes.fr\\\/wp-content\\\/uploads\\\/2023\\\/06\\\/logo.png\",\"width\":624,\"height\":489,\"caption\":\"Essai Armes\"},\"image\":{\"@id\":\"https:\\\/\\\/essai-armes.fr\\\/en\\\/#\\\/schema\\\/logo\\\/image\\\/\"}},{\"@type\":\"Person\",\"@id\":\"https:\\\/\\\/essai-armes.fr\\\/en\\\/#\\\/schema\\\/person\\\/3ee005425b0b49de03b99036963c456d\",\"name\":\"Damien\",\"image\":{\"@type\":\"ImageObject\",\"inLanguage\":\"en-GB\",\"@id\":\"https:\\\/\\\/secure.gravatar.com\\\/avatar\\\/ce38768ebaf5d044c623efd7ff10a6ad2e1bf4f59b1039f5295b8e35e82bb447?s=96&d=mm&r=g\",\"url\":\"https:\\\/\\\/secure.gravatar.com\\\/avatar\\\/ce38768ebaf5d044c623efd7ff10a6ad2e1bf4f59b1039f5295b8e35e82bb447?s=96&d=mm&r=g\",\"contentUrl\":\"https:\\\/\\\/secure.gravatar.com\\\/avatar\\\/ce38768ebaf5d044c623efd7ff10a6ad2e1bf4f59b1039f5295b8e35e82bb447?s=96&d=mm&r=g\",\"caption\":\"Damien\"},\"url\":\"https:\\\/\\\/essai-armes.fr\\\/en\\\/author\\\/damien\\\/\"}]}<\/script>\n<!-- \/ Yoast SEO plugin. -->","yoast_head_json":{"title":"AMX-13 : retour sur le blind\u00e9 fran\u00e7ais qui a marqu\u00e9 l\u2019histoire militaire - Essai Armes","robots":{"index":"index","follow":"follow","max-snippet":"max-snippet:-1","max-image-preview":"max-image-preview:large","max-video-preview":"max-video-preview:-1"},"canonical":"https:\/\/essai-armes.fr\/en\/amx-13-retour-blinde-francais-qui-a-marque-lhistoire-militaire-2\/","og_locale":"en_GB","og_type":"article","og_title":"AMX-13 : retour sur le blind\u00e9 fran\u00e7ais qui a marqu\u00e9 l\u2019histoire militaire - Essai Armes","og_description":"Je me souviens encore du premier AMX-13 que j&rsquo;ai eu l&rsquo;occasion d&rsquo;examiner de pr\u00e8s lors d&rsquo;une exposition militaire dans les ann\u00e9es 90. Cette silhouette \u00e9lanc\u00e9e, cette tourelle oscillante si particuli\u00e8re&#8230; Vous savez, quand on passe sa vie \u00e0 \u00e9tudier les m\u00e9caniques d&rsquo;armement, certaines cr\u00e9ations marquent vraiment l&rsquo;esprit. L&rsquo;AMX-13 fait partie de ces blind\u00e9s qui ont ... Read more","og_url":"https:\/\/essai-armes.fr\/en\/amx-13-retour-blinde-francais-qui-a-marque-lhistoire-militaire-2\/","og_site_name":"Essai Armes","article_published_time":"2025-08-25T17:37:00+00:00","author":"Damien","twitter_card":"summary_large_image","twitter_misc":{"Written by":"Damien","Estimated reading time":"3 minutes"},"schema":{"@context":"https:\/\/schema.org","@graph":[{"@type":"Article","@id":"https:\/\/essai-armes.fr\/en\/amx-13-retour-blinde-francais-qui-a-marque-lhistoire-militaire-2\/#article","isPartOf":{"@id":"https:\/\/essai-armes.fr\/en\/amx-13-retour-blinde-francais-qui-a-marque-lhistoire-militaire-2\/"},"author":{"name":"Damien","@id":"https:\/\/essai-armes.fr\/en\/#\/schema\/person\/3ee005425b0b49de03b99036963c456d"},"headline":"AMX-13 : retour sur le blind\u00e9 fran\u00e7ais qui a marqu\u00e9 l\u2019histoire militaire","datePublished":"2025-08-25T17:37:00+00:00","mainEntityOfPage":{"@id":"https:\/\/essai-armes.fr\/en\/amx-13-retour-blinde-francais-qui-a-marque-lhistoire-militaire-2\/"},"wordCount":718,"commentCount":0,"publisher":{"@id":"https:\/\/essai-armes.fr\/en\/#organization"},"image":{"@id":"https:\/\/essai-armes.fr\/en\/amx-13-retour-blinde-francais-qui-a-marque-lhistoire-militaire-2\/#primaryimage"},"thumbnailUrl":"https:\/\/essai-armes.fr\/wp-content\/uploads\/2025\/08\/amx_13_blinde_historique_francais_9912.jpg","articleSection":["Blog"],"inLanguage":"en-GB","potentialAction":[{"@type":"CommentAction","name":"Comment","target":["https:\/\/essai-armes.fr\/en\/amx-13-retour-blinde-francais-qui-a-marque-lhistoire-militaire-2\/#respond"]}]},{"@type":"WebPage","@id":"https:\/\/essai-armes.fr\/en\/amx-13-retour-blinde-francais-qui-a-marque-lhistoire-militaire-2\/","url":"https:\/\/essai-armes.fr\/en\/amx-13-retour-blinde-francais-qui-a-marque-lhistoire-militaire-2\/","name":"AMX-13 : retour sur le blind\u00e9 fran\u00e7ais qui a marqu\u00e9 l\u2019histoire militaire - Essai Armes","isPartOf":{"@id":"https:\/\/essai-armes.fr\/en\/#website"},"primaryImageOfPage":{"@id":"https:\/\/essai-armes.fr\/en\/amx-13-retour-blinde-francais-qui-a-marque-lhistoire-militaire-2\/#primaryimage"},"image":{"@id":"https:\/\/essai-armes.fr\/en\/amx-13-retour-blinde-francais-qui-a-marque-lhistoire-militaire-2\/#primaryimage"},"thumbnailUrl":"https:\/\/essai-armes.fr\/wp-content\/uploads\/2025\/08\/amx_13_blinde_historique_francais_9912.jpg","datePublished":"2025-08-25T17:37:00+00:00","breadcrumb":{"@id":"https:\/\/essai-armes.fr\/en\/amx-13-retour-blinde-francais-qui-a-marque-lhistoire-militaire-2\/#breadcrumb"},"inLanguage":"en-GB","potentialAction":[{"@type":"ReadAction","target":["https:\/\/essai-armes.fr\/en\/amx-13-retour-blinde-francais-qui-a-marque-lhistoire-militaire-2\/"]}]},{"@type":"ImageObject","inLanguage":"en-GB","@id":"https:\/\/essai-armes.fr\/en\/amx-13-retour-blinde-francais-qui-a-marque-lhistoire-militaire-2\/#primaryimage","url":"https:\/\/essai-armes.fr\/wp-content\/uploads\/2025\/08\/amx_13_blinde_historique_francais_9912.jpg","contentUrl":"https:\/\/essai-armes.fr\/wp-content\/uploads\/2025\/08\/amx_13_blinde_historique_francais_9912.jpg","width":1344,"height":896,"caption":"AMX-13 : retour sur le blind\u00e9 fran\u00e7ais qui a marqu\u00e9 l\u2019histoire militaire"},{"@type":"BreadcrumbList","@id":"https:\/\/essai-armes.fr\/en\/amx-13-retour-blinde-francais-qui-a-marque-lhistoire-militaire-2\/#breadcrumb","itemListElement":[{"@type":"ListItem","position":1,"name":"Accueil","item":"https:\/\/essai-armes.fr\/"},{"@type":"ListItem","position":2,"name":"AMX-13 : retour sur le blind\u00e9 fran\u00e7ais qui a marqu\u00e9 l\u2019histoire militaire"}]},{"@type":"WebSite","@id":"https:\/\/essai-armes.fr\/en\/#website","url":"https:\/\/essai-armes.fr\/en\/","name":"Weapons trial","description":"","publisher":{"@id":"https:\/\/essai-armes.fr\/en\/#organization"},"potentialAction":[{"@type":"SearchAction","target":{"@type":"EntryPoint","urlTemplate":"https:\/\/essai-armes.fr\/en\/?s={search_term_string}"},"query-input":{"@type":"PropertyValueSpecification","valueRequired":true,"valueName":"search_term_string"}}],"inLanguage":"en-GB"},{"@type":"Organization","@id":"https:\/\/essai-armes.fr\/en\/#organization","name":"Weapons trial","url":"https:\/\/essai-armes.fr\/en\/","logo":{"@type":"ImageObject","inLanguage":"en-GB","@id":"https:\/\/essai-armes.fr\/en\/#\/schema\/logo\/image\/","url":"https:\/\/essai-armes.fr\/wp-content\/uploads\/2023\/06\/logo.png","contentUrl":"https:\/\/essai-armes.fr\/wp-content\/uploads\/2023\/06\/logo.png","width":624,"height":489,"caption":"Essai Armes"},"image":{"@id":"https:\/\/essai-armes.fr\/en\/#\/schema\/logo\/image\/"}},{"@type":"Person","@id":"https:\/\/essai-armes.fr\/en\/#\/schema\/person\/3ee005425b0b49de03b99036963c456d","name":"Damien","image":{"@type":"ImageObject","inLanguage":"en-GB","@id":"https:\/\/secure.gravatar.com\/avatar\/ce38768ebaf5d044c623efd7ff10a6ad2e1bf4f59b1039f5295b8e35e82bb447?s=96&d=mm&r=g","url":"https:\/\/secure.gravatar.com\/avatar\/ce38768ebaf5d044c623efd7ff10a6ad2e1bf4f59b1039f5295b8e35e82bb447?s=96&d=mm&r=g","contentUrl":"https:\/\/secure.gravatar.com\/avatar\/ce38768ebaf5d044c623efd7ff10a6ad2e1bf4f59b1039f5295b8e35e82bb447?s=96&d=mm&r=g","caption":"Damien"},"url":"https:\/\/essai-armes.fr\/en\/author\/damien\/"}]}},"_links":{"self":[{"href":"https:\/\/essai-armes.fr\/en\/wp-json\/wp\/v2\/posts\/3165","targetHints":{"allow":["GET"]}}],"collection":[{"href":"https:\/\/essai-armes.fr\/en\/wp-json\/wp\/v2\/posts"}],"about":[{"href":"https:\/\/essai-armes.fr\/en\/wp-json\/wp\/v2\/types\/post"}],"author":[{"embeddable":true,"href":"https:\/\/essai-armes.fr\/en\/wp-json\/wp\/v2\/users\/2"}],"replies":[{"embeddable":true,"href":"https:\/\/essai-armes.fr\/en\/wp-json\/wp\/v2\/comments?post=3165"}],"version-history":[{"count":0,"href":"https:\/\/essai-armes.fr\/en\/wp-json\/wp\/v2\/posts\/3165\/revisions"}],"wp:featuredmedia":[{"embeddable":true,"href":"https:\/\/essai-armes.fr\/en\/wp-json\/wp\/v2\/media\/3164"}],"wp:attachment":[{"href":"https:\/\/essai-armes.fr\/en\/wp-json\/wp\/v2\/media?parent=3165"}],"wp:term":[{"taxonomy":"category","embeddable":true,"href":"https:\/\/essai-armes.fr\/en\/wp-json\/wp\/v2\/categories?post=3165"},{"taxonomy":"post_tag","embeddable":true,"href":"https:\/\/essai-armes.fr\/en\/wp-json\/wp\/v2\/tags?post=3165"}],"curies":[{"name":"wp","href":"https:\/\/api.w.org\/{rel}","templated":true}]}}