{"id":2072,"date":"2025-01-24T01:26:00","date_gmt":"2025-01-24T01:26:00","guid":{"rendered":"https:\/\/essai-armes.fr\/disparition-dune-pionniere-5-choses-choquantes-que-vous-ignoriez-valerie-andre\/"},"modified":"2025-01-24T01:26:00","modified_gmt":"2025-01-24T01:26:00","slug":"disparition-dune-pionniere-5-choses-choquantes-que-vous-ignoriez-valerie-andre","status":"publish","type":"post","link":"https:\/\/essai-armes.fr\/en\/disparition-dune-pionniere-5-choses-choquantes-que-vous-ignoriez-valerie-andre\/","title":{"rendered":"Disparition d&rsquo;une pionni\u00e8re : 5 choses choquantes que vous ignoriez sur Val\u00e9rie Andr\u00e9"},"content":{"rendered":"<p><strong>The article in brief<\/strong><p>Val\u00e9rie Andr\u00e9, pionni\u00e8re de l&rsquo;aviation militaire fran\u00e7aise, s&rsquo;est \u00e9teinte \u00e0 102 ans, laissant un h\u00e9ritage exceptionnel.<\/p>\n<ul>\n<li><strong>M\u00e9decin et pilote<\/strong> : premi\u00e8re femme \u00e0 piloter un h\u00e9licopt\u00e8re en mission militaire<\/li>\n<li>129 vols d&rsquo;\u00e9vacuation sanitaire et 165 bless\u00e9s pris en charge en <em>Indochine<\/em><\/li>\n<li>Premi\u00e8re femme <strong>g\u00e9n\u00e9ral de division<\/strong> en France (1981)<\/li>\n<li>Grand-croix de la <em>L\u00e9gion d&rsquo;honneur<\/em> (1999)<\/li>\n<\/ul>\n<p>Au menu du jour : mes amis  ! Quelle triste nouvelle nous parvient en ce d\u00e9but d&rsquo;ann\u00e9e 2025. Notre ch\u00e8re Val\u00e9rie Andr\u00e9, cette femme extraordinaire qui a marqu\u00e9 l&rsquo;histoire militaire fran\u00e7aise, nous a quitt\u00e9s \u00e0 l&rsquo;\u00e2ge v\u00e9n\u00e9rable de 102 ans. En tant que passionn\u00e9 d&rsquo;histoire militaire, je ne peux m&#8217;emp\u00eacher de partager avec vous l&rsquo;incroyable parcours de cette pionni\u00e8re.<\/p>\n<h2>Une vie d\u00e9di\u00e9e au service et \u00e0 l&rsquo;innovation<\/h2>\n<h3>Des ambitions pr\u00e9coces<\/h3>\n<p>N\u00e9e en 1922 \u00e0 Strasbourg, Val\u00e9rie Andr\u00e9 nourrissait d\u00e8s son plus jeune \u00e2ge deux passions qui allaient fa\u00e7onner sa carri\u00e8re : la m\u00e9decine et l&rsquo;aviation. Je me souviens encore de l&rsquo;\u00e9poque o\u00f9, dans mon armurerie, je discutais avec d&rsquo;anciens pilotes qui me racontaient l&rsquo;essor de l&rsquo;aviation populaire. C&rsquo;est pr\u00e9cis\u00e9ment \u00e0 cette p\u00e9riode que notre jeune Val\u00e9rie, \u00e0 seulement 17 ans, prit ses premiers cours de pilotage.<\/p>\n<h3>Un parcours m\u00e9dical atypique<\/h3>\n<p>Malgr\u00e9 les obstacles dress\u00e9s par la guerre, Val\u00e9rie Andr\u00e9 poursuivit ses \u00e9tudes de m\u00e9decine avec d\u00e9termination. En 1947, elle soutint une th\u00e8se sur les \u00ab\u00a0pathologies du parachutisme\u00a0\u00bb \u00e0 l&rsquo;universit\u00e9 Paris II. Quelle <strong>co\u00efncidence fascinante<\/strong> entre sa passion pour l&rsquo;aviation et son int\u00e9r\u00eat m\u00e9dical ! Cette sp\u00e9cialisation allait s&rsquo;av\u00e9rer primordiale pour sa future carri\u00e8re.<\/p>\n<h3>L&rsquo;appel de l&rsquo;aventure<\/h3>\n<p>C&rsquo;est en Indochine que Val\u00e9rie Andr\u00e9 allait v\u00e9ritablement d\u00e9ployer ses ailes. Frustr\u00e9e de ne pouvoir devenir pilote militaire, elle rejoignit le conflit en tant que m\u00e9decin militaire, avec le grade de capitaine. Son s\u00e9jour en Extr\u00eame-Orient allait \u00eatre le th\u00e9\u00e2tre de ses plus grands exploits.<\/p>\n<h2>Une pionni\u00e8re dans les airs et sur terre<\/h2>\n<h3>Aux commandes des airs<\/h3>\n<p>Apr\u00e8s avoir obtenu sa licence de pilote d&rsquo;h\u00e9licopt\u00e8re, Val\u00e9rie Andr\u00e9 retourna en Indochine pour int\u00e9grer l&rsquo;\u00e9quipe du capitaine Alexis Santini. L\u00e0-bas, elle accomplit des prouesses qui resteront grav\u00e9es dans les annales :<\/p>\n<ul>\n<li>129 vols d&rsquo;\u00e9vacuation sanitaire<\/li>\n<li>165 bless\u00e9s pris en charge<\/li>\n<li>Premi\u00e8re femme \u00e0 apponter sur un porte-avions aux commandes d&rsquo;un h\u00e9licopt\u00e8re<\/li>\n<\/ul>\n<p>Je me rappelle avoir expos\u00e9 dans ma boutique une maquette d&rsquo;h\u00e9licopt\u00e8re Hiller 360, similaire \u00e0 ceux pilot\u00e9s par Val\u00e9rie Andr\u00e9. Les clients \u00e9taient enchant\u00e9s par l&rsquo;histoire de cette femme extraordinaire.<\/p>\n<h3>Une carri\u00e8re militaire unique<\/h3>\n<p>De retour en France, Val\u00e9rie Andr\u00e9 continua de repousser les limites. Affect\u00e9e au centre d&rsquo;essais en vol de Br\u00e9tigny-sur-Orge, elle pilota divers mod\u00e8les d&rsquo;avions et d&rsquo;h\u00e9licopt\u00e8res. Son implication dans la cr\u00e9ation du laboratoire de m\u00e9decine a\u00e9rospatiale t\u00e9moigne de sa volont\u00e9 constante d&rsquo;innover.<\/p>\n<p>Lors des \u00e9v\u00e9nements en Alg\u00e9rie, elle effectua plus de 350 missions sanitaires entre 1959 et 1961. <strong>Son courage et son d\u00e9vouement<\/strong> \u00e9taient sans limites.<\/p>\n<h3>Briser le plafond de verre<\/h3>\n<p>La carri\u00e8re de Val\u00e9rie Andr\u00e9 atteignit son apog\u00e9e lorsqu&rsquo;elle devint la premi\u00e8re femme en France \u00e0 \u00eatre promue au grade de m\u00e9decin g\u00e9n\u00e9ral en 1976. Cette ascension remarquable se poursuivit jusqu&rsquo;\u00e0 l&rsquo;obtention de sa troisi\u00e8me \u00e9toile en 1981, faisant d&rsquo;elle un g\u00e9n\u00e9ral de division.<\/p>\n<table border=\"1\">\n<tr>\n<th>Ann\u00e9e<\/th>\n<th>R\u00e9alisation<\/th>\n<\/tr>\n<tr>\n<td>1976<\/td>\n<td>Premi\u00e8re femme promue m\u00e9decin g\u00e9n\u00e9ral<\/td>\n<\/tr>\n<tr>\n<td>1981<\/td>\n<td>Obtention de la troisi\u00e8me \u00e9toile (g\u00e9n\u00e9ral de division)<\/td>\n<\/tr>\n<tr>\n<td>1987<\/td>\n<td>\u00c9lev\u00e9e \u00e0 la dignit\u00e9 de grand-croix de l&rsquo;ordre national du m\u00e9rite<\/td>\n<\/tr>\n<tr>\n<td>1999<\/td>\n<td>\u00c9lev\u00e9e \u00e0 la dignit\u00e9 de grand-croix de la L\u00e9gion d&rsquo;honneur<\/td>\n<\/tr>\n<\/table>\n<h2>Un h\u00e9ritage ind\u00e9l\u00e9bile<\/h2>\n<p>La disparition de Val\u00e9rie Andr\u00e9 laisse un vide immense dans le monde militaire et au-del\u00e0. Son parcours exceptionnel a ouvert la voie \u00e0 de nombreuses femmes dans l&rsquo;arm\u00e9e fran\u00e7aise. En tant que passionn\u00e9 d&rsquo;histoire militaire, je ne peux m&#8217;emp\u00eacher d&rsquo;admirer son courage et sa d\u00e9termination.<\/p>\n<p>Val\u00e9rie Andr\u00e9 incarnait les valeurs de service, d&rsquo;innovation et de d\u00e9passement de soi. Elle a prouv\u00e9 qu&rsquo;avec de la passion et de la pers\u00e9v\u00e9rance, on pouvait briser tous les plafonds de verre. Son histoire m&rsquo;inspire \u00e0 chaque fois que je raconte ses exploits \u00e0 mes jeunes clients, \u00e9merveill\u00e9s par les r\u00e9cits de cette femme hors du commun.<\/p>\n<p>Nous nous souviendrons de Val\u00e9rie Andr\u00e9 comme d&rsquo;une pionni\u00e8re, une femme qui a su allier m\u00e9decine et aviation au service de son pays. Son histoire restera \u00e0 jamais grav\u00e9e dans les m\u00e9moires, rappelant \u00e0 chacun que les r\u00eaves les plus audacieux peuvent devenir r\u00e9alit\u00e9 avec du courage et de la d\u00e9termination.<\/p>\n<p>Reposez en paix, Madame le G\u00e9n\u00e9ral. Votre h\u00e9ritage continuera d&rsquo;inspirer les g\u00e9n\u00e9rations futures.<\/p>\n<p>Sources :<\/p>\n<ul>\n<li><a href=\"https:\/\/fr.wikipedia.org\/wiki\/Glossaire_des_armes_%C3%A0_feu\">Firearms glossary<\/a><\/li>\n<li><a href=\"https:\/\/fr.wikipedia.org\/wiki\/Portail:Armes\">Weapons Wiki<\/a><\/li>\n<\/ul>","protected":false},"excerpt":{"rendered":"<p>L&rsquo;article en brefVal\u00e9rie Andr\u00e9, pionni\u00e8re de l&rsquo;aviation militaire fran\u00e7aise, s&rsquo;est \u00e9teinte \u00e0 102 ans, laissant un h\u00e9ritage exceptionnel. M\u00e9decin et pilote : premi\u00e8re femme \u00e0 piloter un h\u00e9licopt\u00e8re en mission militaire 129 vols d&rsquo;\u00e9vacuation sanitaire et 165 bless\u00e9s pris en charge en Indochine Premi\u00e8re femme g\u00e9n\u00e9ral de division en France (1981) Grand-croix de la L\u00e9gion &#8230; <a title=\"Disparition d&rsquo;une pionni\u00e8re : 5 choses choquantes que vous ignoriez sur Val\u00e9rie Andr\u00e9\" class=\"read-more\" href=\"https:\/\/essai-armes.fr\/en\/disparition-dune-pionniere-5-choses-choquantes-que-vous-ignoriez-valerie-andre\/\" aria-label=\"Read more about Disparition d&rsquo;une pionni\u00e8re : 5 choses choquantes que vous ignoriez sur Val\u00e9rie Andr\u00e9\">Read more<\/a><\/p>","protected":false},"author":2,"featured_media":2066,"comment_status":"open","ping_status":"","sticky":false,"template":"","format":"standard","meta":{"footnotes":""},"categories":[1],"tags":[],"class_list":["post-2072","post","type-post","status-publish","format-standard","has-post-thumbnail","hentry","category-blog"],"yoast_head":"<!-- This site is optimized with the Yoast SEO plugin v27.5 - https:\/\/yoast.com\/product\/yoast-seo-wordpress\/ -->\n<title>Disparition d&#039;une pionni\u00e8re : 5 choses choquantes que vous ignoriez sur Val\u00e9rie Andr\u00e9 - Essai Armes<\/title>\n<meta name=\"robots\" content=\"index, follow, max-snippet:-1, max-image-preview:large, max-video-preview:-1\" \/>\n<link rel=\"canonical\" href=\"https:\/\/essai-armes.fr\/en\/disparition-dune-pionniere-5-choses-choquantes-que-vous-ignoriez-valerie-andre\/\" \/>\n<meta property=\"og:locale\" content=\"en_GB\" \/>\n<meta property=\"og:type\" content=\"article\" \/>\n<meta property=\"og:title\" content=\"Disparition d&#039;une pionni\u00e8re : 5 choses choquantes que vous ignoriez sur Val\u00e9rie Andr\u00e9 - Essai Armes\" \/>\n<meta property=\"og:description\" content=\"L&rsquo;article en brefVal\u00e9rie Andr\u00e9, pionni\u00e8re de l&rsquo;aviation militaire fran\u00e7aise, s&rsquo;est \u00e9teinte \u00e0 102 ans, laissant un h\u00e9ritage exceptionnel. M\u00e9decin et pilote : premi\u00e8re femme \u00e0 piloter un h\u00e9licopt\u00e8re en mission militaire 129 vols d&rsquo;\u00e9vacuation sanitaire et 165 bless\u00e9s pris en charge en Indochine Premi\u00e8re femme g\u00e9n\u00e9ral de division en France (1981) Grand-croix de la L\u00e9gion ... Read more\" \/>\n<meta property=\"og:url\" content=\"https:\/\/essai-armes.fr\/en\/disparition-dune-pionniere-5-choses-choquantes-que-vous-ignoriez-valerie-andre\/\" \/>\n<meta property=\"og:site_name\" content=\"Essai Armes\" \/>\n<meta property=\"article:published_time\" content=\"2025-01-24T01:26:00+00:00\" \/>\n<meta name=\"author\" content=\"Damien\" \/>\n<meta name=\"twitter:card\" content=\"summary_large_image\" \/>\n<meta name=\"twitter:label1\" content=\"Written by\" \/>\n\t<meta name=\"twitter:data1\" content=\"Damien\" \/>\n\t<meta name=\"twitter:label2\" content=\"Estimated reading time\" \/>\n\t<meta name=\"twitter:data2\" content=\"4 minutes\" \/>\n<script type=\"application\/ld+json\" class=\"yoast-schema-graph\">{\"@context\":\"https:\\\/\\\/schema.org\",\"@graph\":[{\"@type\":\"Article\",\"@id\":\"https:\\\/\\\/essai-armes.fr\\\/en\\\/disparition-dune-pionniere-5-choses-choquantes-que-vous-ignoriez-valerie-andre\\\/#article\",\"isPartOf\":{\"@id\":\"https:\\\/\\\/essai-armes.fr\\\/en\\\/disparition-dune-pionniere-5-choses-choquantes-que-vous-ignoriez-valerie-andre\\\/\"},\"author\":{\"name\":\"Damien\",\"@id\":\"https:\\\/\\\/essai-armes.fr\\\/en\\\/#\\\/schema\\\/person\\\/3ee005425b0b49de03b99036963c456d\"},\"headline\":\"Disparition d&rsquo;une pionni\u00e8re : 5 choses choquantes que vous ignoriez sur Val\u00e9rie Andr\u00e9\",\"datePublished\":\"2025-01-24T01:26:00+00:00\",\"mainEntityOfPage\":{\"@id\":\"https:\\\/\\\/essai-armes.fr\\\/en\\\/disparition-dune-pionniere-5-choses-choquantes-que-vous-ignoriez-valerie-andre\\\/\"},\"wordCount\":883,\"commentCount\":0,\"publisher\":{\"@id\":\"https:\\\/\\\/essai-armes.fr\\\/en\\\/#organization\"},\"image\":{\"@id\":\"https:\\\/\\\/essai-armes.fr\\\/en\\\/disparition-dune-pionniere-5-choses-choquantes-que-vous-ignoriez-valerie-andre\\\/#primaryimage\"},\"thumbnailUrl\":\"https:\\\/\\\/essai-armes.fr\\\/wp-content\\\/uploads\\\/2025\\\/01\\\/deces_pionniere_militaire_francaise_8823.jpg\",\"articleSection\":[\"Blog\"],\"inLanguage\":\"en-GB\",\"potentialAction\":[{\"@type\":\"CommentAction\",\"name\":\"Comment\",\"target\":[\"https:\\\/\\\/essai-armes.fr\\\/en\\\/disparition-dune-pionniere-5-choses-choquantes-que-vous-ignoriez-valerie-andre\\\/#respond\"]}]},{\"@type\":\"WebPage\",\"@id\":\"https:\\\/\\\/essai-armes.fr\\\/en\\\/disparition-dune-pionniere-5-choses-choquantes-que-vous-ignoriez-valerie-andre\\\/\",\"url\":\"https:\\\/\\\/essai-armes.fr\\\/en\\\/disparition-dune-pionniere-5-choses-choquantes-que-vous-ignoriez-valerie-andre\\\/\",\"name\":\"Disparition d'une pionni\u00e8re : 5 choses choquantes que vous ignoriez sur Val\u00e9rie Andr\u00e9 - Essai Armes\",\"isPartOf\":{\"@id\":\"https:\\\/\\\/essai-armes.fr\\\/en\\\/#website\"},\"primaryImageOfPage\":{\"@id\":\"https:\\\/\\\/essai-armes.fr\\\/en\\\/disparition-dune-pionniere-5-choses-choquantes-que-vous-ignoriez-valerie-andre\\\/#primaryimage\"},\"image\":{\"@id\":\"https:\\\/\\\/essai-armes.fr\\\/en\\\/disparition-dune-pionniere-5-choses-choquantes-que-vous-ignoriez-valerie-andre\\\/#primaryimage\"},\"thumbnailUrl\":\"https:\\\/\\\/essai-armes.fr\\\/wp-content\\\/uploads\\\/2025\\\/01\\\/deces_pionniere_militaire_francaise_8823.jpg\",\"datePublished\":\"2025-01-24T01:26:00+00:00\",\"breadcrumb\":{\"@id\":\"https:\\\/\\\/essai-armes.fr\\\/en\\\/disparition-dune-pionniere-5-choses-choquantes-que-vous-ignoriez-valerie-andre\\\/#breadcrumb\"},\"inLanguage\":\"en-GB\",\"potentialAction\":[{\"@type\":\"ReadAction\",\"target\":[\"https:\\\/\\\/essai-armes.fr\\\/en\\\/disparition-dune-pionniere-5-choses-choquantes-que-vous-ignoriez-valerie-andre\\\/\"]}]},{\"@type\":\"ImageObject\",\"inLanguage\":\"en-GB\",\"@id\":\"https:\\\/\\\/essai-armes.fr\\\/en\\\/disparition-dune-pionniere-5-choses-choquantes-que-vous-ignoriez-valerie-andre\\\/#primaryimage\",\"url\":\"https:\\\/\\\/essai-armes.fr\\\/wp-content\\\/uploads\\\/2025\\\/01\\\/deces_pionniere_militaire_francaise_8823.jpg\",\"contentUrl\":\"https:\\\/\\\/essai-armes.fr\\\/wp-content\\\/uploads\\\/2025\\\/01\\\/deces_pionniere_militaire_francaise_8823.jpg\",\"width\":1200,\"height\":800,\"caption\":\"Val\u00e9rie Andr\u00e9 nous a quitt\u00e9s : hommage \u00e0 la premi\u00e8re g\u00e9n\u00e9rale\"},{\"@type\":\"BreadcrumbList\",\"@id\":\"https:\\\/\\\/essai-armes.fr\\\/en\\\/disparition-dune-pionniere-5-choses-choquantes-que-vous-ignoriez-valerie-andre\\\/#breadcrumb\",\"itemListElement\":[{\"@type\":\"ListItem\",\"position\":1,\"name\":\"Accueil\",\"item\":\"https:\\\/\\\/essai-armes.fr\\\/\"},{\"@type\":\"ListItem\",\"position\":2,\"name\":\"Disparition d&rsquo;une pionni\u00e8re : 5 choses choquantes que vous ignoriez sur Val\u00e9rie Andr\u00e9\"}]},{\"@type\":\"WebSite\",\"@id\":\"https:\\\/\\\/essai-armes.fr\\\/en\\\/#website\",\"url\":\"https:\\\/\\\/essai-armes.fr\\\/en\\\/\",\"name\":\"Essai Armes\",\"description\":\"\",\"publisher\":{\"@id\":\"https:\\\/\\\/essai-armes.fr\\\/en\\\/#organization\"},\"potentialAction\":[{\"@type\":\"SearchAction\",\"target\":{\"@type\":\"EntryPoint\",\"urlTemplate\":\"https:\\\/\\\/essai-armes.fr\\\/en\\\/?s={search_term_string}\"},\"query-input\":{\"@type\":\"PropertyValueSpecification\",\"valueRequired\":true,\"valueName\":\"search_term_string\"}}],\"inLanguage\":\"en-GB\"},{\"@type\":\"Organization\",\"@id\":\"https:\\\/\\\/essai-armes.fr\\\/en\\\/#organization\",\"name\":\"Essai Armes\",\"url\":\"https:\\\/\\\/essai-armes.fr\\\/en\\\/\",\"logo\":{\"@type\":\"ImageObject\",\"inLanguage\":\"en-GB\",\"@id\":\"https:\\\/\\\/essai-armes.fr\\\/en\\\/#\\\/schema\\\/logo\\\/image\\\/\",\"url\":\"https:\\\/\\\/essai-armes.fr\\\/wp-content\\\/uploads\\\/2023\\\/06\\\/logo.png\",\"contentUrl\":\"https:\\\/\\\/essai-armes.fr\\\/wp-content\\\/uploads\\\/2023\\\/06\\\/logo.png\",\"width\":624,\"height\":489,\"caption\":\"Essai Armes\"},\"image\":{\"@id\":\"https:\\\/\\\/essai-armes.fr\\\/en\\\/#\\\/schema\\\/logo\\\/image\\\/\"}},{\"@type\":\"Person\",\"@id\":\"https:\\\/\\\/essai-armes.fr\\\/en\\\/#\\\/schema\\\/person\\\/3ee005425b0b49de03b99036963c456d\",\"name\":\"Damien\",\"image\":{\"@type\":\"ImageObject\",\"inLanguage\":\"en-GB\",\"@id\":\"https:\\\/\\\/secure.gravatar.com\\\/avatar\\\/ce38768ebaf5d044c623efd7ff10a6ad2e1bf4f59b1039f5295b8e35e82bb447?s=96&d=mm&r=g\",\"url\":\"https:\\\/\\\/secure.gravatar.com\\\/avatar\\\/ce38768ebaf5d044c623efd7ff10a6ad2e1bf4f59b1039f5295b8e35e82bb447?s=96&d=mm&r=g\",\"contentUrl\":\"https:\\\/\\\/secure.gravatar.com\\\/avatar\\\/ce38768ebaf5d044c623efd7ff10a6ad2e1bf4f59b1039f5295b8e35e82bb447?s=96&d=mm&r=g\",\"caption\":\"Damien\"},\"url\":\"https:\\\/\\\/essai-armes.fr\\\/en\\\/author\\\/damien\\\/\"}]}<\/script>\n<!-- \/ Yoast SEO plugin. -->","yoast_head_json":{"title":"Disparition d'une pionni\u00e8re : 5 choses choquantes que vous ignoriez sur Val\u00e9rie Andr\u00e9 - Essai Armes","robots":{"index":"index","follow":"follow","max-snippet":"max-snippet:-1","max-image-preview":"max-image-preview:large","max-video-preview":"max-video-preview:-1"},"canonical":"https:\/\/essai-armes.fr\/en\/disparition-dune-pionniere-5-choses-choquantes-que-vous-ignoriez-valerie-andre\/","og_locale":"en_GB","og_type":"article","og_title":"Disparition d'une pionni\u00e8re : 5 choses choquantes que vous ignoriez sur Val\u00e9rie Andr\u00e9 - Essai Armes","og_description":"L&rsquo;article en brefVal\u00e9rie Andr\u00e9, pionni\u00e8re de l&rsquo;aviation militaire fran\u00e7aise, s&rsquo;est \u00e9teinte \u00e0 102 ans, laissant un h\u00e9ritage exceptionnel. M\u00e9decin et pilote : premi\u00e8re femme \u00e0 piloter un h\u00e9licopt\u00e8re en mission militaire 129 vols d&rsquo;\u00e9vacuation sanitaire et 165 bless\u00e9s pris en charge en Indochine Premi\u00e8re femme g\u00e9n\u00e9ral de division en France (1981) Grand-croix de la L\u00e9gion ... Read more","og_url":"https:\/\/essai-armes.fr\/en\/disparition-dune-pionniere-5-choses-choquantes-que-vous-ignoriez-valerie-andre\/","og_site_name":"Essai Armes","article_published_time":"2025-01-24T01:26:00+00:00","author":"Damien","twitter_card":"summary_large_image","twitter_misc":{"Written by":"Damien","Estimated reading time":"4 minutes"},"schema":{"@context":"https:\/\/schema.org","@graph":[{"@type":"Article","@id":"https:\/\/essai-armes.fr\/en\/disparition-dune-pionniere-5-choses-choquantes-que-vous-ignoriez-valerie-andre\/#article","isPartOf":{"@id":"https:\/\/essai-armes.fr\/en\/disparition-dune-pionniere-5-choses-choquantes-que-vous-ignoriez-valerie-andre\/"},"author":{"name":"Damien","@id":"https:\/\/essai-armes.fr\/en\/#\/schema\/person\/3ee005425b0b49de03b99036963c456d"},"headline":"Disparition d&rsquo;une pionni\u00e8re : 5 choses choquantes que vous ignoriez sur Val\u00e9rie Andr\u00e9","datePublished":"2025-01-24T01:26:00+00:00","mainEntityOfPage":{"@id":"https:\/\/essai-armes.fr\/en\/disparition-dune-pionniere-5-choses-choquantes-que-vous-ignoriez-valerie-andre\/"},"wordCount":883,"commentCount":0,"publisher":{"@id":"https:\/\/essai-armes.fr\/en\/#organization"},"image":{"@id":"https:\/\/essai-armes.fr\/en\/disparition-dune-pionniere-5-choses-choquantes-que-vous-ignoriez-valerie-andre\/#primaryimage"},"thumbnailUrl":"https:\/\/essai-armes.fr\/wp-content\/uploads\/2025\/01\/deces_pionniere_militaire_francaise_8823.jpg","articleSection":["Blog"],"inLanguage":"en-GB","potentialAction":[{"@type":"CommentAction","name":"Comment","target":["https:\/\/essai-armes.fr\/en\/disparition-dune-pionniere-5-choses-choquantes-que-vous-ignoriez-valerie-andre\/#respond"]}]},{"@type":"WebPage","@id":"https:\/\/essai-armes.fr\/en\/disparition-dune-pionniere-5-choses-choquantes-que-vous-ignoriez-valerie-andre\/","url":"https:\/\/essai-armes.fr\/en\/disparition-dune-pionniere-5-choses-choquantes-que-vous-ignoriez-valerie-andre\/","name":"Disparition d'une pionni\u00e8re : 5 choses choquantes que vous ignoriez sur Val\u00e9rie Andr\u00e9 - Essai Armes","isPartOf":{"@id":"https:\/\/essai-armes.fr\/en\/#website"},"primaryImageOfPage":{"@id":"https:\/\/essai-armes.fr\/en\/disparition-dune-pionniere-5-choses-choquantes-que-vous-ignoriez-valerie-andre\/#primaryimage"},"image":{"@id":"https:\/\/essai-armes.fr\/en\/disparition-dune-pionniere-5-choses-choquantes-que-vous-ignoriez-valerie-andre\/#primaryimage"},"thumbnailUrl":"https:\/\/essai-armes.fr\/wp-content\/uploads\/2025\/01\/deces_pionniere_militaire_francaise_8823.jpg","datePublished":"2025-01-24T01:26:00+00:00","breadcrumb":{"@id":"https:\/\/essai-armes.fr\/en\/disparition-dune-pionniere-5-choses-choquantes-que-vous-ignoriez-valerie-andre\/#breadcrumb"},"inLanguage":"en-GB","potentialAction":[{"@type":"ReadAction","target":["https:\/\/essai-armes.fr\/en\/disparition-dune-pionniere-5-choses-choquantes-que-vous-ignoriez-valerie-andre\/"]}]},{"@type":"ImageObject","inLanguage":"en-GB","@id":"https:\/\/essai-armes.fr\/en\/disparition-dune-pionniere-5-choses-choquantes-que-vous-ignoriez-valerie-andre\/#primaryimage","url":"https:\/\/essai-armes.fr\/wp-content\/uploads\/2025\/01\/deces_pionniere_militaire_francaise_8823.jpg","contentUrl":"https:\/\/essai-armes.fr\/wp-content\/uploads\/2025\/01\/deces_pionniere_militaire_francaise_8823.jpg","width":1200,"height":800,"caption":"Val\u00e9rie Andr\u00e9 nous a quitt\u00e9s : hommage \u00e0 la premi\u00e8re g\u00e9n\u00e9rale"},{"@type":"BreadcrumbList","@id":"https:\/\/essai-armes.fr\/en\/disparition-dune-pionniere-5-choses-choquantes-que-vous-ignoriez-valerie-andre\/#breadcrumb","itemListElement":[{"@type":"ListItem","position":1,"name":"Accueil","item":"https:\/\/essai-armes.fr\/"},{"@type":"ListItem","position":2,"name":"Disparition d&rsquo;une pionni\u00e8re : 5 choses choquantes que vous ignoriez sur Val\u00e9rie Andr\u00e9"}]},{"@type":"WebSite","@id":"https:\/\/essai-armes.fr\/en\/#website","url":"https:\/\/essai-armes.fr\/en\/","name":"Weapons trial","description":"","publisher":{"@id":"https:\/\/essai-armes.fr\/en\/#organization"},"potentialAction":[{"@type":"SearchAction","target":{"@type":"EntryPoint","urlTemplate":"https:\/\/essai-armes.fr\/en\/?s={search_term_string}"},"query-input":{"@type":"PropertyValueSpecification","valueRequired":true,"valueName":"search_term_string"}}],"inLanguage":"en-GB"},{"@type":"Organization","@id":"https:\/\/essai-armes.fr\/en\/#organization","name":"Weapons trial","url":"https:\/\/essai-armes.fr\/en\/","logo":{"@type":"ImageObject","inLanguage":"en-GB","@id":"https:\/\/essai-armes.fr\/en\/#\/schema\/logo\/image\/","url":"https:\/\/essai-armes.fr\/wp-content\/uploads\/2023\/06\/logo.png","contentUrl":"https:\/\/essai-armes.fr\/wp-content\/uploads\/2023\/06\/logo.png","width":624,"height":489,"caption":"Essai Armes"},"image":{"@id":"https:\/\/essai-armes.fr\/en\/#\/schema\/logo\/image\/"}},{"@type":"Person","@id":"https:\/\/essai-armes.fr\/en\/#\/schema\/person\/3ee005425b0b49de03b99036963c456d","name":"Damien","image":{"@type":"ImageObject","inLanguage":"en-GB","@id":"https:\/\/secure.gravatar.com\/avatar\/ce38768ebaf5d044c623efd7ff10a6ad2e1bf4f59b1039f5295b8e35e82bb447?s=96&d=mm&r=g","url":"https:\/\/secure.gravatar.com\/avatar\/ce38768ebaf5d044c623efd7ff10a6ad2e1bf4f59b1039f5295b8e35e82bb447?s=96&d=mm&r=g","contentUrl":"https:\/\/secure.gravatar.com\/avatar\/ce38768ebaf5d044c623efd7ff10a6ad2e1bf4f59b1039f5295b8e35e82bb447?s=96&d=mm&r=g","caption":"Damien"},"url":"https:\/\/essai-armes.fr\/en\/author\/damien\/"}]}},"_links":{"self":[{"href":"https:\/\/essai-armes.fr\/en\/wp-json\/wp\/v2\/posts\/2072","targetHints":{"allow":["GET"]}}],"collection":[{"href":"https:\/\/essai-armes.fr\/en\/wp-json\/wp\/v2\/posts"}],"about":[{"href":"https:\/\/essai-armes.fr\/en\/wp-json\/wp\/v2\/types\/post"}],"author":[{"embeddable":true,"href":"https:\/\/essai-armes.fr\/en\/wp-json\/wp\/v2\/users\/2"}],"replies":[{"embeddable":true,"href":"https:\/\/essai-armes.fr\/en\/wp-json\/wp\/v2\/comments?post=2072"}],"version-history":[{"count":0,"href":"https:\/\/essai-armes.fr\/en\/wp-json\/wp\/v2\/posts\/2072\/revisions"}],"wp:featuredmedia":[{"embeddable":true,"href":"https:\/\/essai-armes.fr\/en\/wp-json\/wp\/v2\/media\/2066"}],"wp:attachment":[{"href":"https:\/\/essai-armes.fr\/en\/wp-json\/wp\/v2\/media?parent=2072"}],"wp:term":[{"taxonomy":"category","embeddable":true,"href":"https:\/\/essai-armes.fr\/en\/wp-json\/wp\/v2\/categories?post=2072"},{"taxonomy":"post_tag","embeddable":true,"href":"https:\/\/essai-armes.fr\/en\/wp-json\/wp\/v2\/tags?post=2072"}],"curies":[{"name":"wp","href":"https:\/\/api.w.org\/{rel}","templated":true}]}}