{"id":3137,"date":"2025-08-25T18:52:00","date_gmt":"2025-08-25T18:52:00","guid":{"rendered":"https:\/\/essai-armes.fr\/?p=3137"},"modified":"2025-08-25T15:28:10","modified_gmt":"2025-08-25T15:28:10","slug":"sr-72-darkstar-lheritier-blackbird-est-il-deja-operationnel","status":"publish","type":"post","link":"https:\/\/essai-armes.fr\/de\/sr-72-darkstar-lheritier-blackbird-est-il-deja-operationnel\/","title":{"rendered":"SR-72 Darkstar : l\u2019h\u00e9ritier du Blackbird est-il d\u00e9j\u00e0 op\u00e9rationnel ?"},"content":{"rendered":"<p>Vous savez, apr\u00e8s trente ans pass\u00e9s derri\u00e8re mon comptoir d&rsquo;armurerie, j&rsquo;ai vu d\u00e9filer pas mal de passionn\u00e9s qui me parlent des <strong>derni\u00e8res technologies militaires<\/strong>. Mais quand on \u00e9voque le SR-72 Darkstar, l\u00e0, on touche \u00e0 quelque chose de enchantant. Ce projet secret de Lockheed Martin me rappelle l&rsquo;\u00e9poque o\u00f9 je d\u00e9montais mes premiers fusils avec mon grand-p\u00e8re : cette curiosit\u00e9 m\u00eal\u00e9e de respect pour l&rsquo;ing\u00e9nierie de pointe.<\/p>\n<h2>Le successeur du l\u00e9gendaire SR-71 Blackbird prend forme<\/h2>\n<p>Die <strong>SR-72 Darkstar<\/strong> repr\u00e9sente l&rsquo;\u00e9volution logique du c\u00e9l\u00e8bre SR-71 Blackbird, cet avion espion qui a marqu\u00e9 la guerre froide. Contrairement \u00e0 son pr\u00e9d\u00e9cesseur, ce nouveau bijou technologique int\u00e8gre des capacit\u00e9s hypersoniques r\u00e9volutionnaires. Je me souviens d&rsquo;avoir lu les premiers articles sur ce projet vers 2013, quand Lockheed Martin a officiellement annonc\u00e9 ses recherches sur un <em>d\u00e9monstrateur hypersonique<\/em>.<\/p>\n<p>Les sp\u00e9cifications techniques font r\u00eaver : une vitesse pouvant atteindre Mach 6, soit environ <strong>7 400 kilom\u00e8tres par heure<\/strong>. Pour vous donner une id\u00e9e, c&rsquo;est comme si vous traversiez la France en moins de cinq minutes ! Cette performance s&rsquo;appuie sur un syst\u00e8me de propulsion hybride combinant turbor\u00e9acteur et stator\u00e9acteur.<\/p>\n<p>L&rsquo;appareil mesurerait approximativement 30 m\u00e8tres de long, avec une envergure de 15 m\u00e8tres. Sa conception privil\u00e9gie la <em>furtivit\u00e9 absolue<\/em> gr\u00e2ce \u00e0 des mat\u00e9riaux composites ultra-avanc\u00e9s et une g\u00e9om\u00e9trie \u00e9tudi\u00e9e pour minimiser la signature radar.<\/p>\n<h2>Les d\u00e9fis technologiques du vol hypersonique<\/h2>\n<p>Travailler sur des m\u00e9caniques de pr\u00e9cision m&rsquo;a appris une chose : plus on pousse les limites, plus les contraintes techniques se multiplient. Le <strong>vol hypersonique<\/strong> pose des d\u00e9fis monumentaux que m\u00eame les meilleurs ing\u00e9nieurs peinent \u00e0 r\u00e9soudre.<\/p>\n<table>\n<tr>\n<th>D\u00e9fi technique<\/th>\n<th>Solution envisag\u00e9e<\/th>\n<th>Niveau de complexit\u00e9<\/th>\n<\/tr>\n<tr>\n<td>\u00c9chauffement extr\u00eame<\/td>\n<td>Mat\u00e9riaux ultra-r\u00e9fractaires<\/td>\n<td>Kritik<\/td>\n<\/tr>\n<tr>\n<td>Contr\u00f4le de vol<\/td>\n<td>Surfaces adaptatives<\/td>\n<td>Sehr hoch<\/td>\n<\/tr>\n<tr>\n<td>Propulsion hybride<\/td>\n<td>Transition turbo\/stato<\/td>\n<td>Maximal<\/td>\n<\/tr>\n<\/table>\n<p>L&rsquo;\u00e9chauffement cin\u00e9tique repr\u00e9sente le principal obstacle. \u00c0 Mach 6, la temp\u00e9rature de surface peut d\u00e9passer 1 500\u00b0C. C&rsquo;est plus chaud que dans le foyer de ma forge ! Les ing\u00e9nieurs d\u00e9veloppent des <em>rev\u00eatements c\u00e9ramiques ultra-r\u00e9sistants<\/em> et des syst\u00e8mes de refroidissement actif pour maintenir l&rsquo;int\u00e9grit\u00e9 structurelle.<\/p>\n<p>Le syst\u00e8me de propulsion constitue un autre d\u00e9fi majeur. La transition entre le mode turbor\u00e9acteur (pour le d\u00e9collage) et le mode stator\u00e9acteur (pour le vol hypersonique) doit s&rsquo;effectuer de mani\u00e8re transparente. C&rsquo;est un peu comme passer d&rsquo;un m\u00e9canisme de montre suisse \u00e0 un moteur de Formule 1 en plein mouvement.<\/p>\n<h2>L&rsquo;\u00e9tat actuel du programme SR-72<\/h2>\n<p>Alors, le <strong>SR-72 Darkstar<\/strong> vole-t-il d\u00e9j\u00e0 ? D&rsquo;apr\u00e8s mes sources dans le milieu de la d\u00e9fense, plusieurs prototypes ont probablement \u00e9t\u00e9 test\u00e9s. Lockheed Martin reste discret, mais certains indices laissent penser que des essais en vol ont eu lieu sur des sites ultra-s\u00e9curis\u00e9s comme l&rsquo;Area 51.<\/p>\n<p>Les principales \u00e9tapes de d\u00e9veloppement incluent :<\/p>\n<ul>\n<li><strong>Phase conceptuelle<\/strong> : achev\u00e9e en 2018<\/li>\n<li><strong>Tests de propulsion<\/strong> : en cours depuis 2020<\/li>\n<li><strong>Prototype \u00e9chelle 1\/3<\/strong> : essais probables<\/li>\n<li><strong>D\u00e9monstrateur complet<\/strong> : horizon 2025-2027<\/li>\n<li><strong>Version op\u00e9rationnelle<\/strong> : apr\u00e8s 2030<\/li>\n<\/ul>\n<p>L&rsquo;US Air Force a investi plusieurs milliards de dollars dans ce programme. Les applications militaires sont \u00e9videntes : reconnaissance strat\u00e9gique, frappe rapide globale, et dissuasion face aux <em>syst\u00e8mes de d\u00e9fense adverses<\/em>. Un tel appareil pourrait surveiller n&rsquo;importe quel point du globe en moins d&rsquo;une heure.<\/p>\n<p>Mon exp\u00e9rience m&rsquo;a enseign\u00e9 que les vraies r\u00e9volutions technologiques prennent du temps. Le SR-72 suit cette logique : chaque composant doit \u00eatre test\u00e9, valid\u00e9, puis int\u00e9gr\u00e9 dans un ensemble coh\u00e9rent. Les d\u00e9fis restent immenses, mais l&rsquo;aboutissement de ce projet transformerait radicalement les <strong>capacit\u00e9s militaires am\u00e9ricaines<\/strong> pour les d\u00e9cennies \u00e0 venir.<\/p>\n<div style='text-align:center;'><iframe width='560' height='315' src='https:\/\/www.youtube.com\/embed\/DCiXPLKzSXE' frameborder='0' allow='accelerometer; autoplay; clipboard-write; encrypted-media; gyroscope; picture-in-picture' allowfullscreen><\/iframe><\/div>","protected":false},"excerpt":{"rendered":"<p>Vous savez, apr\u00e8s trente ans pass\u00e9s derri\u00e8re mon comptoir d&rsquo;armurerie, j&rsquo;ai vu d\u00e9filer pas mal de passionn\u00e9s qui me parlent des derni\u00e8res technologies militaires. Mais quand on \u00e9voque le SR-72 Darkstar, l\u00e0, on touche \u00e0 quelque chose de enchantant. Ce projet secret de Lockheed Martin me rappelle l&rsquo;\u00e9poque o\u00f9 je d\u00e9montais mes premiers fusils avec &#8230; <a title=\"SR-72 Darkstar : l\u2019h\u00e9ritier du Blackbird est-il d\u00e9j\u00e0 op\u00e9rationnel ?\" class=\"read-more\" href=\"https:\/\/essai-armes.fr\/de\/sr-72-darkstar-lheritier-blackbird-est-il-deja-operationnel\/\" aria-label=\"Mehr Informationen \u00fcber SR-72 Darkstar : l\u2019h\u00e9ritier du Blackbird est-il d\u00e9j\u00e0 op\u00e9rationnel ?\">Weiterlesen &#8230;<\/a><\/p>","protected":false},"author":2,"featured_media":3144,"comment_status":"open","ping_status":"closed","sticky":false,"template":"","format":"standard","meta":{"footnotes":""},"categories":[1],"tags":[],"class_list":["post-3137","post","type-post","status-publish","format-standard","has-post-thumbnail","hentry","category-blog"],"yoast_head":"<!-- This site is optimized with the Yoast SEO plugin v27.4 - https:\/\/yoast.com\/product\/yoast-seo-wordpress\/ -->\n<title>SR-72 Darkstar : l\u2019h\u00e9ritier du Blackbird est-il d\u00e9j\u00e0 op\u00e9rationnel ? - Essai Armes<\/title>\n<meta name=\"robots\" content=\"index, follow, max-snippet:-1, max-image-preview:large, max-video-preview:-1\" \/>\n<link rel=\"canonical\" href=\"https:\/\/essai-armes.fr\/de\/sr-72-darkstar-lheritier-blackbird-est-il-deja-operationnel\/\" \/>\n<meta property=\"og:locale\" content=\"de_DE\" \/>\n<meta property=\"og:type\" content=\"article\" \/>\n<meta property=\"og:title\" content=\"SR-72 Darkstar : l\u2019h\u00e9ritier du Blackbird est-il d\u00e9j\u00e0 op\u00e9rationnel ? - Essai Armes\" \/>\n<meta property=\"og:description\" content=\"Vous savez, apr\u00e8s trente ans pass\u00e9s derri\u00e8re mon comptoir d&rsquo;armurerie, j&rsquo;ai vu d\u00e9filer pas mal de passionn\u00e9s qui me parlent des derni\u00e8res technologies militaires. Mais quand on \u00e9voque le SR-72 Darkstar, l\u00e0, on touche \u00e0 quelque chose de enchantant. Ce projet secret de Lockheed Martin me rappelle l&rsquo;\u00e9poque o\u00f9 je d\u00e9montais mes premiers fusils avec ... Weiterlesen ...\" \/>\n<meta property=\"og:url\" content=\"https:\/\/essai-armes.fr\/de\/sr-72-darkstar-lheritier-blackbird-est-il-deja-operationnel\/\" \/>\n<meta property=\"og:site_name\" content=\"Essai Armes\" \/>\n<meta property=\"article:published_time\" content=\"2025-08-25T18:52:00+00:00\" \/>\n<meta property=\"og:image\" content=\"https:\/\/essai-armes.fr\/wp-content\/uploads\/2025\/08\/ChatGPT-Image-25-aout-2025-14_27_59-1024x683.png\" \/>\n\t<meta property=\"og:image:width\" content=\"1024\" \/>\n\t<meta property=\"og:image:height\" content=\"683\" \/>\n\t<meta property=\"og:image:type\" content=\"image\/png\" \/>\n<meta name=\"author\" content=\"Damien\" \/>\n<meta name=\"twitter:card\" content=\"summary_large_image\" \/>\n<meta name=\"twitter:label1\" content=\"Verfasst von\" \/>\n\t<meta name=\"twitter:data1\" content=\"Damien\" \/>\n\t<meta name=\"twitter:label2\" content=\"Gesch\u00e4tzte Lesezeit\" \/>\n\t<meta name=\"twitter:data2\" content=\"3\u00a0Minuten\" \/>\n<script type=\"application\/ld+json\" class=\"yoast-schema-graph\">{\"@context\":\"https:\\\/\\\/schema.org\",\"@graph\":[{\"@type\":\"Article\",\"@id\":\"https:\\\/\\\/essai-armes.fr\\\/de\\\/sr-72-darkstar-lheritier-blackbird-est-il-deja-operationnel\\\/#article\",\"isPartOf\":{\"@id\":\"https:\\\/\\\/essai-armes.fr\\\/de\\\/sr-72-darkstar-lheritier-blackbird-est-il-deja-operationnel\\\/\"},\"author\":{\"name\":\"Damien\",\"@id\":\"https:\\\/\\\/essai-armes.fr\\\/de\\\/#\\\/schema\\\/person\\\/3ee005425b0b49de03b99036963c456d\"},\"headline\":\"SR-72 Darkstar : l\u2019h\u00e9ritier du Blackbird est-il d\u00e9j\u00e0 op\u00e9rationnel ?\",\"datePublished\":\"2025-08-25T18:52:00+00:00\",\"mainEntityOfPage\":{\"@id\":\"https:\\\/\\\/essai-armes.fr\\\/de\\\/sr-72-darkstar-lheritier-blackbird-est-il-deja-operationnel\\\/\"},\"wordCount\":654,\"commentCount\":0,\"publisher\":{\"@id\":\"https:\\\/\\\/essai-armes.fr\\\/de\\\/#organization\"},\"image\":{\"@id\":\"https:\\\/\\\/essai-armes.fr\\\/de\\\/sr-72-darkstar-lheritier-blackbird-est-il-deja-operationnel\\\/#primaryimage\"},\"thumbnailUrl\":\"https:\\\/\\\/essai-armes.fr\\\/wp-content\\\/uploads\\\/2025\\\/08\\\/ChatGPT-Image-25-aout-2025-14_27_59.png\",\"articleSection\":[\"Blog\"],\"inLanguage\":\"de\",\"potentialAction\":[{\"@type\":\"CommentAction\",\"name\":\"Comment\",\"target\":[\"https:\\\/\\\/essai-armes.fr\\\/de\\\/sr-72-darkstar-lheritier-blackbird-est-il-deja-operationnel\\\/#respond\"]}]},{\"@type\":\"WebPage\",\"@id\":\"https:\\\/\\\/essai-armes.fr\\\/de\\\/sr-72-darkstar-lheritier-blackbird-est-il-deja-operationnel\\\/\",\"url\":\"https:\\\/\\\/essai-armes.fr\\\/de\\\/sr-72-darkstar-lheritier-blackbird-est-il-deja-operationnel\\\/\",\"name\":\"SR-72 Darkstar : l\u2019h\u00e9ritier du Blackbird est-il d\u00e9j\u00e0 op\u00e9rationnel ? - Essai Armes\",\"isPartOf\":{\"@id\":\"https:\\\/\\\/essai-armes.fr\\\/de\\\/#website\"},\"primaryImageOfPage\":{\"@id\":\"https:\\\/\\\/essai-armes.fr\\\/de\\\/sr-72-darkstar-lheritier-blackbird-est-il-deja-operationnel\\\/#primaryimage\"},\"image\":{\"@id\":\"https:\\\/\\\/essai-armes.fr\\\/de\\\/sr-72-darkstar-lheritier-blackbird-est-il-deja-operationnel\\\/#primaryimage\"},\"thumbnailUrl\":\"https:\\\/\\\/essai-armes.fr\\\/wp-content\\\/uploads\\\/2025\\\/08\\\/ChatGPT-Image-25-aout-2025-14_27_59.png\",\"datePublished\":\"2025-08-25T18:52:00+00:00\",\"breadcrumb\":{\"@id\":\"https:\\\/\\\/essai-armes.fr\\\/de\\\/sr-72-darkstar-lheritier-blackbird-est-il-deja-operationnel\\\/#breadcrumb\"},\"inLanguage\":\"de\",\"potentialAction\":[{\"@type\":\"ReadAction\",\"target\":[\"https:\\\/\\\/essai-armes.fr\\\/de\\\/sr-72-darkstar-lheritier-blackbird-est-il-deja-operationnel\\\/\"]}]},{\"@type\":\"ImageObject\",\"inLanguage\":\"de\",\"@id\":\"https:\\\/\\\/essai-armes.fr\\\/de\\\/sr-72-darkstar-lheritier-blackbird-est-il-deja-operationnel\\\/#primaryimage\",\"url\":\"https:\\\/\\\/essai-armes.fr\\\/wp-content\\\/uploads\\\/2025\\\/08\\\/ChatGPT-Image-25-aout-2025-14_27_59.png\",\"contentUrl\":\"https:\\\/\\\/essai-armes.fr\\\/wp-content\\\/uploads\\\/2025\\\/08\\\/ChatGPT-Image-25-aout-2025-14_27_59.png\",\"width\":1536,\"height\":1024,\"caption\":\"SR-72 Darkstar : l\u2019h\u00e9ritier du Blackbird est-il d\u00e9j\u00e0 op\u00e9rationnel ?\"},{\"@type\":\"BreadcrumbList\",\"@id\":\"https:\\\/\\\/essai-armes.fr\\\/de\\\/sr-72-darkstar-lheritier-blackbird-est-il-deja-operationnel\\\/#breadcrumb\",\"itemListElement\":[{\"@type\":\"ListItem\",\"position\":1,\"name\":\"Accueil\",\"item\":\"https:\\\/\\\/essai-armes.fr\\\/\"},{\"@type\":\"ListItem\",\"position\":2,\"name\":\"SR-72 Darkstar : l\u2019h\u00e9ritier du Blackbird est-il d\u00e9j\u00e0 op\u00e9rationnel ?\"}]},{\"@type\":\"WebSite\",\"@id\":\"https:\\\/\\\/essai-armes.fr\\\/de\\\/#website\",\"url\":\"https:\\\/\\\/essai-armes.fr\\\/de\\\/\",\"name\":\"Essai Armes\",\"description\":\"\",\"publisher\":{\"@id\":\"https:\\\/\\\/essai-armes.fr\\\/de\\\/#organization\"},\"potentialAction\":[{\"@type\":\"SearchAction\",\"target\":{\"@type\":\"EntryPoint\",\"urlTemplate\":\"https:\\\/\\\/essai-armes.fr\\\/de\\\/?s={search_term_string}\"},\"query-input\":{\"@type\":\"PropertyValueSpecification\",\"valueRequired\":true,\"valueName\":\"search_term_string\"}}],\"inLanguage\":\"de\"},{\"@type\":\"Organization\",\"@id\":\"https:\\\/\\\/essai-armes.fr\\\/de\\\/#organization\",\"name\":\"Essai Armes\",\"url\":\"https:\\\/\\\/essai-armes.fr\\\/de\\\/\",\"logo\":{\"@type\":\"ImageObject\",\"inLanguage\":\"de\",\"@id\":\"https:\\\/\\\/essai-armes.fr\\\/de\\\/#\\\/schema\\\/logo\\\/image\\\/\",\"url\":\"https:\\\/\\\/essai-armes.fr\\\/wp-content\\\/uploads\\\/2023\\\/06\\\/logo.png\",\"contentUrl\":\"https:\\\/\\\/essai-armes.fr\\\/wp-content\\\/uploads\\\/2023\\\/06\\\/logo.png\",\"width\":624,\"height\":489,\"caption\":\"Essai Armes\"},\"image\":{\"@id\":\"https:\\\/\\\/essai-armes.fr\\\/de\\\/#\\\/schema\\\/logo\\\/image\\\/\"}},{\"@type\":\"Person\",\"@id\":\"https:\\\/\\\/essai-armes.fr\\\/de\\\/#\\\/schema\\\/person\\\/3ee005425b0b49de03b99036963c456d\",\"name\":\"Damien\",\"image\":{\"@type\":\"ImageObject\",\"inLanguage\":\"de\",\"@id\":\"https:\\\/\\\/secure.gravatar.com\\\/avatar\\\/ce38768ebaf5d044c623efd7ff10a6ad2e1bf4f59b1039f5295b8e35e82bb447?s=96&d=mm&r=g\",\"url\":\"https:\\\/\\\/secure.gravatar.com\\\/avatar\\\/ce38768ebaf5d044c623efd7ff10a6ad2e1bf4f59b1039f5295b8e35e82bb447?s=96&d=mm&r=g\",\"contentUrl\":\"https:\\\/\\\/secure.gravatar.com\\\/avatar\\\/ce38768ebaf5d044c623efd7ff10a6ad2e1bf4f59b1039f5295b8e35e82bb447?s=96&d=mm&r=g\",\"caption\":\"Damien\"},\"url\":\"https:\\\/\\\/essai-armes.fr\\\/de\\\/author\\\/damien\\\/\"}]}<\/script>\n<!-- \/ Yoast SEO plugin. -->","yoast_head_json":{"title":"SR-72 Darkstar : l\u2019h\u00e9ritier du Blackbird est-il d\u00e9j\u00e0 op\u00e9rationnel ? - Essai Armes","robots":{"index":"index","follow":"follow","max-snippet":"max-snippet:-1","max-image-preview":"max-image-preview:large","max-video-preview":"max-video-preview:-1"},"canonical":"https:\/\/essai-armes.fr\/de\/sr-72-darkstar-lheritier-blackbird-est-il-deja-operationnel\/","og_locale":"de_DE","og_type":"article","og_title":"SR-72 Darkstar : l\u2019h\u00e9ritier du Blackbird est-il d\u00e9j\u00e0 op\u00e9rationnel ? - Essai Armes","og_description":"Vous savez, apr\u00e8s trente ans pass\u00e9s derri\u00e8re mon comptoir d&rsquo;armurerie, j&rsquo;ai vu d\u00e9filer pas mal de passionn\u00e9s qui me parlent des derni\u00e8res technologies militaires. Mais quand on \u00e9voque le SR-72 Darkstar, l\u00e0, on touche \u00e0 quelque chose de enchantant. Ce projet secret de Lockheed Martin me rappelle l&rsquo;\u00e9poque o\u00f9 je d\u00e9montais mes premiers fusils avec ... Weiterlesen ...","og_url":"https:\/\/essai-armes.fr\/de\/sr-72-darkstar-lheritier-blackbird-est-il-deja-operationnel\/","og_site_name":"Essai Armes","article_published_time":"2025-08-25T18:52:00+00:00","og_image":[{"width":1024,"height":683,"url":"https:\/\/essai-armes.fr\/wp-content\/uploads\/2025\/08\/ChatGPT-Image-25-aout-2025-14_27_59-1024x683.png","type":"image\/png"}],"author":"Damien","twitter_card":"summary_large_image","twitter_misc":{"Verfasst von":"Damien","Gesch\u00e4tzte Lesezeit":"3\u00a0Minuten"},"schema":{"@context":"https:\/\/schema.org","@graph":[{"@type":"Article","@id":"https:\/\/essai-armes.fr\/de\/sr-72-darkstar-lheritier-blackbird-est-il-deja-operationnel\/#article","isPartOf":{"@id":"https:\/\/essai-armes.fr\/de\/sr-72-darkstar-lheritier-blackbird-est-il-deja-operationnel\/"},"author":{"name":"Damien","@id":"https:\/\/essai-armes.fr\/de\/#\/schema\/person\/3ee005425b0b49de03b99036963c456d"},"headline":"SR-72 Darkstar : l\u2019h\u00e9ritier du Blackbird est-il d\u00e9j\u00e0 op\u00e9rationnel ?","datePublished":"2025-08-25T18:52:00+00:00","mainEntityOfPage":{"@id":"https:\/\/essai-armes.fr\/de\/sr-72-darkstar-lheritier-blackbird-est-il-deja-operationnel\/"},"wordCount":654,"commentCount":0,"publisher":{"@id":"https:\/\/essai-armes.fr\/de\/#organization"},"image":{"@id":"https:\/\/essai-armes.fr\/de\/sr-72-darkstar-lheritier-blackbird-est-il-deja-operationnel\/#primaryimage"},"thumbnailUrl":"https:\/\/essai-armes.fr\/wp-content\/uploads\/2025\/08\/ChatGPT-Image-25-aout-2025-14_27_59.png","articleSection":["Blog"],"inLanguage":"de","potentialAction":[{"@type":"CommentAction","name":"Comment","target":["https:\/\/essai-armes.fr\/de\/sr-72-darkstar-lheritier-blackbird-est-il-deja-operationnel\/#respond"]}]},{"@type":"WebPage","@id":"https:\/\/essai-armes.fr\/de\/sr-72-darkstar-lheritier-blackbird-est-il-deja-operationnel\/","url":"https:\/\/essai-armes.fr\/de\/sr-72-darkstar-lheritier-blackbird-est-il-deja-operationnel\/","name":"SR-72 Darkstar : l\u2019h\u00e9ritier du Blackbird est-il d\u00e9j\u00e0 op\u00e9rationnel ? - Essai Armes","isPartOf":{"@id":"https:\/\/essai-armes.fr\/de\/#website"},"primaryImageOfPage":{"@id":"https:\/\/essai-armes.fr\/de\/sr-72-darkstar-lheritier-blackbird-est-il-deja-operationnel\/#primaryimage"},"image":{"@id":"https:\/\/essai-armes.fr\/de\/sr-72-darkstar-lheritier-blackbird-est-il-deja-operationnel\/#primaryimage"},"thumbnailUrl":"https:\/\/essai-armes.fr\/wp-content\/uploads\/2025\/08\/ChatGPT-Image-25-aout-2025-14_27_59.png","datePublished":"2025-08-25T18:52:00+00:00","breadcrumb":{"@id":"https:\/\/essai-armes.fr\/de\/sr-72-darkstar-lheritier-blackbird-est-il-deja-operationnel\/#breadcrumb"},"inLanguage":"de","potentialAction":[{"@type":"ReadAction","target":["https:\/\/essai-armes.fr\/de\/sr-72-darkstar-lheritier-blackbird-est-il-deja-operationnel\/"]}]},{"@type":"ImageObject","inLanguage":"de","@id":"https:\/\/essai-armes.fr\/de\/sr-72-darkstar-lheritier-blackbird-est-il-deja-operationnel\/#primaryimage","url":"https:\/\/essai-armes.fr\/wp-content\/uploads\/2025\/08\/ChatGPT-Image-25-aout-2025-14_27_59.png","contentUrl":"https:\/\/essai-armes.fr\/wp-content\/uploads\/2025\/08\/ChatGPT-Image-25-aout-2025-14_27_59.png","width":1536,"height":1024,"caption":"SR-72 Darkstar : l\u2019h\u00e9ritier du Blackbird est-il d\u00e9j\u00e0 op\u00e9rationnel ?"},{"@type":"BreadcrumbList","@id":"https:\/\/essai-armes.fr\/de\/sr-72-darkstar-lheritier-blackbird-est-il-deja-operationnel\/#breadcrumb","itemListElement":[{"@type":"ListItem","position":1,"name":"Accueil","item":"https:\/\/essai-armes.fr\/"},{"@type":"ListItem","position":2,"name":"SR-72 Darkstar : l\u2019h\u00e9ritier du Blackbird est-il d\u00e9j\u00e0 op\u00e9rationnel ?"}]},{"@type":"WebSite","@id":"https:\/\/essai-armes.fr\/de\/#website","url":"https:\/\/essai-armes.fr\/de\/","name":"Waffen-Test","description":"","publisher":{"@id":"https:\/\/essai-armes.fr\/de\/#organization"},"potentialAction":[{"@type":"SearchAction","target":{"@type":"EntryPoint","urlTemplate":"https:\/\/essai-armes.fr\/de\/?s={search_term_string}"},"query-input":{"@type":"PropertyValueSpecification","valueRequired":true,"valueName":"search_term_string"}}],"inLanguage":"de"},{"@type":"Organization","@id":"https:\/\/essai-armes.fr\/de\/#organization","name":"Waffen-Test","url":"https:\/\/essai-armes.fr\/de\/","logo":{"@type":"ImageObject","inLanguage":"de","@id":"https:\/\/essai-armes.fr\/de\/#\/schema\/logo\/image\/","url":"https:\/\/essai-armes.fr\/wp-content\/uploads\/2023\/06\/logo.png","contentUrl":"https:\/\/essai-armes.fr\/wp-content\/uploads\/2023\/06\/logo.png","width":624,"height":489,"caption":"Essai Armes"},"image":{"@id":"https:\/\/essai-armes.fr\/de\/#\/schema\/logo\/image\/"}},{"@type":"Person","@id":"https:\/\/essai-armes.fr\/de\/#\/schema\/person\/3ee005425b0b49de03b99036963c456d","name":"Damien","image":{"@type":"ImageObject","inLanguage":"de","@id":"https:\/\/secure.gravatar.com\/avatar\/ce38768ebaf5d044c623efd7ff10a6ad2e1bf4f59b1039f5295b8e35e82bb447?s=96&d=mm&r=g","url":"https:\/\/secure.gravatar.com\/avatar\/ce38768ebaf5d044c623efd7ff10a6ad2e1bf4f59b1039f5295b8e35e82bb447?s=96&d=mm&r=g","contentUrl":"https:\/\/secure.gravatar.com\/avatar\/ce38768ebaf5d044c623efd7ff10a6ad2e1bf4f59b1039f5295b8e35e82bb447?s=96&d=mm&r=g","caption":"Damien"},"url":"https:\/\/essai-armes.fr\/de\/author\/damien\/"}]}},"_links":{"self":[{"href":"https:\/\/essai-armes.fr\/de\/wp-json\/wp\/v2\/posts\/3137","targetHints":{"allow":["GET"]}}],"collection":[{"href":"https:\/\/essai-armes.fr\/de\/wp-json\/wp\/v2\/posts"}],"about":[{"href":"https:\/\/essai-armes.fr\/de\/wp-json\/wp\/v2\/types\/post"}],"author":[{"embeddable":true,"href":"https:\/\/essai-armes.fr\/de\/wp-json\/wp\/v2\/users\/2"}],"replies":[{"embeddable":true,"href":"https:\/\/essai-armes.fr\/de\/wp-json\/wp\/v2\/comments?post=3137"}],"version-history":[{"count":1,"href":"https:\/\/essai-armes.fr\/de\/wp-json\/wp\/v2\/posts\/3137\/revisions"}],"predecessor-version":[{"id":3154,"href":"https:\/\/essai-armes.fr\/de\/wp-json\/wp\/v2\/posts\/3137\/revisions\/3154"}],"wp:featuredmedia":[{"embeddable":true,"href":"https:\/\/essai-armes.fr\/de\/wp-json\/wp\/v2\/media\/3144"}],"wp:attachment":[{"href":"https:\/\/essai-armes.fr\/de\/wp-json\/wp\/v2\/media?parent=3137"}],"wp:term":[{"taxonomy":"category","embeddable":true,"href":"https:\/\/essai-armes.fr\/de\/wp-json\/wp\/v2\/categories?post=3137"},{"taxonomy":"post_tag","embeddable":true,"href":"https:\/\/essai-armes.fr\/de\/wp-json\/wp\/v2\/tags?post=3137"}],"curies":[{"name":"wp","href":"https:\/\/api.w.org\/{rel}","templated":true}]}}