{"id":2684,"date":"2025-05-14T00:54:00","date_gmt":"2025-05-14T00:54:00","guid":{"rendered":"https:\/\/essai-armes.fr\/?p=2684"},"modified":"2025-05-14T00:54:00","modified_gmt":"2025-05-14T00:54:00","slug":"pourquoi-carabine-que-je-pensais-trop-lourde-est-devenue-mon-arme-fetiche","status":"publish","type":"post","link":"https:\/\/essai-armes.fr\/de\/pourquoi-carabine-que-je-pensais-trop-lourde-est-devenue-mon-arme-fetiche\/","title":{"rendered":"Pourquoi cette carabine que je pensais trop lourde est devenue mon arme f\u00e9tiche"},"content":{"rendered":"<p>Je me souviens encore de ce jour o\u00f9 elle est entr\u00e9e dans mon armurerie. Une carabine Sako 85 en calibre .300 Winchester Magnum. Un client venait de la revendre, pr\u00e9textant qu&rsquo;elle \u00e9tait <strong>trop lourde pour ses longues randonn\u00e9es en montagne<\/strong>. J&rsquo;ai imm\u00e9diatement eu un coup de c\u0153ur pour cette beaut\u00e9 finlandaise. \u00c0 l&rsquo;\u00e9poque, je chassais avec une carabine plus l\u00e9g\u00e8re, mais le poids de la Sako m&rsquo;intriguait.<\/p>\n<h2>Comment j&rsquo;ai surmont\u00e9 mes pr\u00e9jug\u00e9s sur le poids d&rsquo;une carabine<\/h2>\n<p>Avant de vous raconter comment cette arme est devenue mon extension naturelle, laissez-moi vous dire que <strong>le poids d&rsquo;une carabine est souvent mal interpr\u00e9t\u00e9<\/strong> par les chasseurs d\u00e9butants. J&rsquo;entends quotidiennement dans mon magasin : \u00ab\u00a0Je veux la plus l\u00e9g\u00e8re possible\u00a0\u00bb. Je comprends cette pr\u00e9occupation, mais l&rsquo;exp\u00e9rience m&rsquo;a enseign\u00e9 autre chose.<\/p>\n<p>Lors de ma premi\u00e8re sortie avec la Sako, j&rsquo;ai port\u00e9 ses 4,2 kg (avec lunette et montage) pendant huit heures dans les collines. Je ne vous mentirai pas, mes \u00e9paules s&rsquo;en souvenaient le lendemain ! Mais au moment de tirer sur un sanglier \u00e0 180 m\u00e8tres, la r\u00e9v\u00e9lation fut imm\u00e9diate.<\/p>\n<p>Le poids d&rsquo;une carabine apporte trois avantages cruciaux que j&rsquo;ai appris \u00e0 appr\u00e9cier :<\/p>\n<ul>\n<li><strong>Une stabilit\u00e9 incomparable lors du tir<\/strong>, particuli\u00e8rement en position debout ou assise<\/li>\n<li>Une absorption du recul bien sup\u00e9rieure, permettant des tirs de suite plus pr\u00e9cis<\/li>\n<li>Un \u00e9quilibre g\u00e9n\u00e9ral qui s&rsquo;av\u00e8re confortable lors de la vis\u00e9e prolong\u00e9e<\/li>\n<li>Une inertie qui r\u00e9duit les mouvements parasites dus au vent ou \u00e0 la fatigue<\/li>\n<\/ul>\n<p>Apr\u00e8s cette premi\u00e8re exp\u00e9rience, j&rsquo;ai commenc\u00e9 \u00e0 <em>reconsid\u00e9rer mes pr\u00e9jug\u00e9s sur les armes l\u00e9g\u00e8res<\/em>. La pr\u00e9cision exceptionnelle que m&rsquo;offrait cette carabine \u00ab\u00a0trop lourde\u00a0\u00bb valait largement quelques grammes suppl\u00e9mentaires.<\/p>\n<h2>L&rsquo;adaptation physique et technique qui a tout chang\u00e9<\/h2>\n<p>Pour transformer ce qui \u00e9tait initialement un inconv\u00e9nient en atout, j&rsquo;ai d\u00fb adapter ma technique de portage et mon \u00e9quipement. J&rsquo;ai investi dans une <strong>bretelle de transport ergonomique \u00e0 n\u00e9opr\u00e8ne<\/strong>, bien diff\u00e9rente des mod\u00e8les basiques fournis d&rsquo;origine.<\/p>\n<p>Mon corps s&rsquo;est \u00e9galement adapt\u00e9. Apr\u00e8s quelques mois d&rsquo;utilisation r\u00e9guli\u00e8re, mes muscles ont d\u00e9velopp\u00e9 une m\u00e9moire sp\u00e9cifique \u00e0 cette arme. Je la maniais avec une aisance croissante, au point d&rsquo;oublier son poids lors des approches silencieuses.<\/p>\n<p>Une anecdote illustre parfaitement cette adaptation : l&rsquo;automne dernier, j&rsquo;ai pr\u00eat\u00e9 ma fid\u00e8le Sako \u00e0 mon neveu pour qu&rsquo;il puisse comparer avec sa carabine ultralight. Quand j&rsquo;ai pris son arme en \u00e9change, j&rsquo;ai eu l&rsquo;impression de tenir un jouet ! Le manque de masse me d\u00e9stabilisait compl\u00e8tement. Ses tirs avec ma carabine ont \u00e9t\u00e9 significativement plus pr\u00e9cis, malgr\u00e9 ses plaintes initiales sur le poids.<\/p>\n<p>Voici une comparaison objective entre ma carabine \u00ab\u00a0lourde\u00a0\u00bb et les mod\u00e8les ultral\u00e9gers :<\/p>\n<table>\n<tr>\n<th>Merkmal<\/th>\n<th>Carabine lourde (4kg+)<\/th>\n<th>Carabine ultralight (-3kg)<\/th>\n<\/tr>\n<tr>\n<td>Confort de portage<\/td>\n<td>M\u00e4\u00dfig<\/td>\n<td>Ausgezeichnet<\/td>\n<\/tr>\n<tr>\n<td>Stabilit\u00e9 au tir<\/td>\n<td>Ausgezeichnet<\/td>\n<td>Moyenne \u00e0 faible<\/td>\n<\/tr>\n<tr>\n<td>Recul ressenti<\/td>\n<td>Faible \u00e0 mod\u00e9r\u00e9<\/td>\n<td>Important \u00e0 violent<\/td>\n<\/tr>\n<tr>\n<td>Pr\u00e9cision \u00e0 distance<\/td>\n<td>Sup\u00e9rieure<\/td>\n<td>Variable selon le tireur<\/td>\n<\/tr>\n<\/table>\n<h2>Quand le poids devient un alli\u00e9 invisible<\/h2>\n<p>Aujourd&rsquo;hui, apr\u00e8s cinq ann\u00e9es de chasse intensive avec cette carabine que je jugeais trop lourde, je ne pourrais plus m&rsquo;en s\u00e9parer. Elle est devenue <strong>mon arme f\u00e9tiche pour toutes les situations de chasse<\/strong>, de l&rsquo;approche \u00e0 l&rsquo;aff\u00fbt.<\/p>\n<p>Ce qui m&rsquo;a frapp\u00e9, c&rsquo;est que le poids d&rsquo;une arme finit par devenir un <em>\u00e9l\u00e9ment rassurant, presque invisible<\/em> lorsqu&rsquo;on d\u00e9veloppe la technique et la musculature adapt\u00e9es. En revanche, les avantages en termes de pr\u00e9cision et de contr\u00f4le restent constants.<\/p>\n<p>Si vous d\u00e9butez et h\u00e9sitez entre diff\u00e9rentes carabines, ne faites pas l&rsquo;erreur que j&rsquo;ai failli commettre. Ne jugez pas une arme uniquement sur la balance. Prenez le temps de l&rsquo;essayer en situation r\u00e9elle, sentez comment elle se comporte lors du tir, et non pas seulement comment elle p\u00e8se sur votre \u00e9paule.<\/p>\n<p>Cette carabine \u00ab\u00a0trop lourde\u00a0\u00bb m&rsquo;a appris une le\u00e7on d&rsquo;humilit\u00e9 et de patience. Parfois, ce qui semble un d\u00e9faut \u00e0 premi\u00e8re vue cache en r\u00e9alit\u00e9 nos plus grands alli\u00e9s. Dans le monde de la chasse et du tir, comme dans la vie, les premi\u00e8res impressions sont rarement les plus fid\u00e8les.<\/p>\n<div style='text-align:center;'><iframe width='560' height='315' src='https:\/\/www.youtube.com\/embed\/5g_ggwstL58' frameborder='0' allow='accelerometer; autoplay; clipboard-write; encrypted-media; gyroscope; picture-in-picture' allowfullscreen><\/iframe><\/div>","protected":false},"excerpt":{"rendered":"<p>Je me souviens encore de ce jour o\u00f9 elle est entr\u00e9e dans mon armurerie. Une carabine Sako 85 en calibre .300 Winchester Magnum. Un client venait de la revendre, pr\u00e9textant qu&rsquo;elle \u00e9tait trop lourde pour ses longues randonn\u00e9es en montagne. J&rsquo;ai imm\u00e9diatement eu un coup de c\u0153ur pour cette beaut\u00e9 finlandaise. \u00c0 l&rsquo;\u00e9poque, je chassais &#8230; <a title=\"Pourquoi cette carabine que je pensais trop lourde est devenue mon arme f\u00e9tiche\" class=\"read-more\" href=\"https:\/\/essai-armes.fr\/de\/pourquoi-carabine-que-je-pensais-trop-lourde-est-devenue-mon-arme-fetiche\/\" aria-label=\"Mehr Informationen \u00fcber Pourquoi cette carabine que je pensais trop lourde est devenue mon arme f\u00e9tiche\">Weiterlesen &#8230;<\/a><\/p>","protected":false},"author":1,"featured_media":2682,"comment_status":"open","ping_status":"","sticky":false,"template":"","format":"standard","meta":{"footnotes":""},"categories":[1],"tags":[],"class_list":["post-2684","post","type-post","status-publish","format-standard","has-post-thumbnail","hentry","category-blog"],"yoast_head":"<!-- This site is optimized with the Yoast SEO plugin v27.5 - https:\/\/yoast.com\/product\/yoast-seo-wordpress\/ -->\n<title>Pourquoi cette carabine que je pensais trop lourde est devenue mon arme f\u00e9tiche - Essai Armes<\/title>\n<meta name=\"robots\" content=\"index, follow, max-snippet:-1, max-image-preview:large, max-video-preview:-1\" \/>\n<link rel=\"canonical\" href=\"https:\/\/essai-armes.fr\/de\/pourquoi-carabine-que-je-pensais-trop-lourde-est-devenue-mon-arme-fetiche\/\" \/>\n<meta property=\"og:locale\" content=\"de_DE\" \/>\n<meta property=\"og:type\" content=\"article\" \/>\n<meta property=\"og:title\" content=\"Pourquoi cette carabine que je pensais trop lourde est devenue mon arme f\u00e9tiche - Essai Armes\" \/>\n<meta property=\"og:description\" content=\"Je me souviens encore de ce jour o\u00f9 elle est entr\u00e9e dans mon armurerie. Une carabine Sako 85 en calibre .300 Winchester Magnum. Un client venait de la revendre, pr\u00e9textant qu&rsquo;elle \u00e9tait trop lourde pour ses longues randonn\u00e9es en montagne. J&rsquo;ai imm\u00e9diatement eu un coup de c\u0153ur pour cette beaut\u00e9 finlandaise. \u00c0 l&rsquo;\u00e9poque, je chassais ... Weiterlesen ...\" \/>\n<meta property=\"og:url\" content=\"https:\/\/essai-armes.fr\/de\/pourquoi-carabine-que-je-pensais-trop-lourde-est-devenue-mon-arme-fetiche\/\" \/>\n<meta property=\"og:site_name\" content=\"Essai Armes\" \/>\n<meta property=\"article:published_time\" content=\"2025-05-14T00:54:00+00:00\" \/>\n<meta property=\"og:image\" content=\"https:\/\/essai-armes.fr\/wp-content\/uploads\/2025\/05\/carabine_d_abord_lourde_maintenant_adoree_9593.jpg\" \/>\n\t<meta property=\"og:image:width\" content=\"1200\" \/>\n\t<meta property=\"og:image:height\" content=\"800\" \/>\n\t<meta property=\"og:image:type\" content=\"image\/jpeg\" \/>\n<meta name=\"author\" content=\"EssaiArmes\" \/>\n<meta name=\"twitter:card\" content=\"summary_large_image\" \/>\n<meta name=\"twitter:label1\" content=\"Verfasst von\" \/>\n\t<meta name=\"twitter:data1\" content=\"EssaiArmes\" \/>\n\t<meta name=\"twitter:label2\" content=\"Gesch\u00e4tzte Lesezeit\" \/>\n\t<meta name=\"twitter:data2\" content=\"4\u00a0Minuten\" \/>\n<script type=\"application\/ld+json\" class=\"yoast-schema-graph\">{\"@context\":\"https:\\\/\\\/schema.org\",\"@graph\":[{\"@type\":\"Article\",\"@id\":\"https:\\\/\\\/essai-armes.fr\\\/de\\\/pourquoi-carabine-que-je-pensais-trop-lourde-est-devenue-mon-arme-fetiche\\\/#article\",\"isPartOf\":{\"@id\":\"https:\\\/\\\/essai-armes.fr\\\/de\\\/pourquoi-carabine-que-je-pensais-trop-lourde-est-devenue-mon-arme-fetiche\\\/\"},\"author\":{\"name\":\"EssaiArmes\",\"@id\":\"https:\\\/\\\/essai-armes.fr\\\/de\\\/#\\\/schema\\\/person\\\/285db589fb6ccb5526b53c03232855a1\"},\"headline\":\"Pourquoi cette carabine que je pensais trop lourde est devenue mon arme f\u00e9tiche\",\"datePublished\":\"2025-05-14T00:54:00+00:00\",\"mainEntityOfPage\":{\"@id\":\"https:\\\/\\\/essai-armes.fr\\\/de\\\/pourquoi-carabine-que-je-pensais-trop-lourde-est-devenue-mon-arme-fetiche\\\/\"},\"wordCount\":764,\"commentCount\":0,\"publisher\":{\"@id\":\"https:\\\/\\\/essai-armes.fr\\\/de\\\/#organization\"},\"image\":{\"@id\":\"https:\\\/\\\/essai-armes.fr\\\/de\\\/pourquoi-carabine-que-je-pensais-trop-lourde-est-devenue-mon-arme-fetiche\\\/#primaryimage\"},\"thumbnailUrl\":\"https:\\\/\\\/essai-armes.fr\\\/wp-content\\\/uploads\\\/2025\\\/05\\\/carabine_d_abord_lourde_maintenant_adoree_9593.jpg\",\"articleSection\":[\"Blog\"],\"inLanguage\":\"de\",\"potentialAction\":[{\"@type\":\"CommentAction\",\"name\":\"Comment\",\"target\":[\"https:\\\/\\\/essai-armes.fr\\\/de\\\/pourquoi-carabine-que-je-pensais-trop-lourde-est-devenue-mon-arme-fetiche\\\/#respond\"]}]},{\"@type\":\"WebPage\",\"@id\":\"https:\\\/\\\/essai-armes.fr\\\/de\\\/pourquoi-carabine-que-je-pensais-trop-lourde-est-devenue-mon-arme-fetiche\\\/\",\"url\":\"https:\\\/\\\/essai-armes.fr\\\/de\\\/pourquoi-carabine-que-je-pensais-trop-lourde-est-devenue-mon-arme-fetiche\\\/\",\"name\":\"Pourquoi cette carabine que je pensais trop lourde est devenue mon arme f\u00e9tiche - Essai Armes\",\"isPartOf\":{\"@id\":\"https:\\\/\\\/essai-armes.fr\\\/de\\\/#website\"},\"primaryImageOfPage\":{\"@id\":\"https:\\\/\\\/essai-armes.fr\\\/de\\\/pourquoi-carabine-que-je-pensais-trop-lourde-est-devenue-mon-arme-fetiche\\\/#primaryimage\"},\"image\":{\"@id\":\"https:\\\/\\\/essai-armes.fr\\\/de\\\/pourquoi-carabine-que-je-pensais-trop-lourde-est-devenue-mon-arme-fetiche\\\/#primaryimage\"},\"thumbnailUrl\":\"https:\\\/\\\/essai-armes.fr\\\/wp-content\\\/uploads\\\/2025\\\/05\\\/carabine_d_abord_lourde_maintenant_adoree_9593.jpg\",\"datePublished\":\"2025-05-14T00:54:00+00:00\",\"breadcrumb\":{\"@id\":\"https:\\\/\\\/essai-armes.fr\\\/de\\\/pourquoi-carabine-que-je-pensais-trop-lourde-est-devenue-mon-arme-fetiche\\\/#breadcrumb\"},\"inLanguage\":\"de\",\"potentialAction\":[{\"@type\":\"ReadAction\",\"target\":[\"https:\\\/\\\/essai-armes.fr\\\/de\\\/pourquoi-carabine-que-je-pensais-trop-lourde-est-devenue-mon-arme-fetiche\\\/\"]}]},{\"@type\":\"ImageObject\",\"inLanguage\":\"de\",\"@id\":\"https:\\\/\\\/essai-armes.fr\\\/de\\\/pourquoi-carabine-que-je-pensais-trop-lourde-est-devenue-mon-arme-fetiche\\\/#primaryimage\",\"url\":\"https:\\\/\\\/essai-armes.fr\\\/wp-content\\\/uploads\\\/2025\\\/05\\\/carabine_d_abord_lourde_maintenant_adoree_9593.jpg\",\"contentUrl\":\"https:\\\/\\\/essai-armes.fr\\\/wp-content\\\/uploads\\\/2025\\\/05\\\/carabine_d_abord_lourde_maintenant_adoree_9593.jpg\",\"width\":1200,\"height\":800,\"caption\":\"Pourquoi cette carabine que je pensais trop lourde est devenue mon arme f\u00e9tiche\"},{\"@type\":\"BreadcrumbList\",\"@id\":\"https:\\\/\\\/essai-armes.fr\\\/de\\\/pourquoi-carabine-que-je-pensais-trop-lourde-est-devenue-mon-arme-fetiche\\\/#breadcrumb\",\"itemListElement\":[{\"@type\":\"ListItem\",\"position\":1,\"name\":\"Accueil\",\"item\":\"https:\\\/\\\/essai-armes.fr\\\/\"},{\"@type\":\"ListItem\",\"position\":2,\"name\":\"Pourquoi cette carabine que je pensais trop lourde est devenue mon arme f\u00e9tiche\"}]},{\"@type\":\"WebSite\",\"@id\":\"https:\\\/\\\/essai-armes.fr\\\/de\\\/#website\",\"url\":\"https:\\\/\\\/essai-armes.fr\\\/de\\\/\",\"name\":\"Essai Armes\",\"description\":\"\",\"publisher\":{\"@id\":\"https:\\\/\\\/essai-armes.fr\\\/de\\\/#organization\"},\"potentialAction\":[{\"@type\":\"SearchAction\",\"target\":{\"@type\":\"EntryPoint\",\"urlTemplate\":\"https:\\\/\\\/essai-armes.fr\\\/de\\\/?s={search_term_string}\"},\"query-input\":{\"@type\":\"PropertyValueSpecification\",\"valueRequired\":true,\"valueName\":\"search_term_string\"}}],\"inLanguage\":\"de\"},{\"@type\":\"Organization\",\"@id\":\"https:\\\/\\\/essai-armes.fr\\\/de\\\/#organization\",\"name\":\"Essai Armes\",\"url\":\"https:\\\/\\\/essai-armes.fr\\\/de\\\/\",\"logo\":{\"@type\":\"ImageObject\",\"inLanguage\":\"de\",\"@id\":\"https:\\\/\\\/essai-armes.fr\\\/de\\\/#\\\/schema\\\/logo\\\/image\\\/\",\"url\":\"https:\\\/\\\/essai-armes.fr\\\/wp-content\\\/uploads\\\/2023\\\/06\\\/logo.png\",\"contentUrl\":\"https:\\\/\\\/essai-armes.fr\\\/wp-content\\\/uploads\\\/2023\\\/06\\\/logo.png\",\"width\":624,\"height\":489,\"caption\":\"Essai Armes\"},\"image\":{\"@id\":\"https:\\\/\\\/essai-armes.fr\\\/de\\\/#\\\/schema\\\/logo\\\/image\\\/\"}},{\"@type\":\"Person\",\"@id\":\"https:\\\/\\\/essai-armes.fr\\\/de\\\/#\\\/schema\\\/person\\\/285db589fb6ccb5526b53c03232855a1\",\"name\":\"EssaiArmes\",\"image\":{\"@type\":\"ImageObject\",\"inLanguage\":\"de\",\"@id\":\"https:\\\/\\\/secure.gravatar.com\\\/avatar\\\/4eef13a6b86eb52c791dc07affe061c4d9911166d4959e685012a2770ae0f344?s=96&d=mm&r=g\",\"url\":\"https:\\\/\\\/secure.gravatar.com\\\/avatar\\\/4eef13a6b86eb52c791dc07affe061c4d9911166d4959e685012a2770ae0f344?s=96&d=mm&r=g\",\"contentUrl\":\"https:\\\/\\\/secure.gravatar.com\\\/avatar\\\/4eef13a6b86eb52c791dc07affe061c4d9911166d4959e685012a2770ae0f344?s=96&d=mm&r=g\",\"caption\":\"EssaiArmes\"},\"sameAs\":[\"https:\\\/\\\/essai-armes.fr\"],\"url\":\"https:\\\/\\\/essai-armes.fr\\\/de\\\/author\\\/essaiarmes\\\/\"}]}<\/script>\n<!-- \/ Yoast SEO plugin. -->","yoast_head_json":{"title":"Pourquoi cette carabine que je pensais trop lourde est devenue mon arme f\u00e9tiche - Essai Armes","robots":{"index":"index","follow":"follow","max-snippet":"max-snippet:-1","max-image-preview":"max-image-preview:large","max-video-preview":"max-video-preview:-1"},"canonical":"https:\/\/essai-armes.fr\/de\/pourquoi-carabine-que-je-pensais-trop-lourde-est-devenue-mon-arme-fetiche\/","og_locale":"de_DE","og_type":"article","og_title":"Pourquoi cette carabine que je pensais trop lourde est devenue mon arme f\u00e9tiche - Essai Armes","og_description":"Je me souviens encore de ce jour o\u00f9 elle est entr\u00e9e dans mon armurerie. Une carabine Sako 85 en calibre .300 Winchester Magnum. Un client venait de la revendre, pr\u00e9textant qu&rsquo;elle \u00e9tait trop lourde pour ses longues randonn\u00e9es en montagne. J&rsquo;ai imm\u00e9diatement eu un coup de c\u0153ur pour cette beaut\u00e9 finlandaise. \u00c0 l&rsquo;\u00e9poque, je chassais ... Weiterlesen ...","og_url":"https:\/\/essai-armes.fr\/de\/pourquoi-carabine-que-je-pensais-trop-lourde-est-devenue-mon-arme-fetiche\/","og_site_name":"Essai Armes","article_published_time":"2025-05-14T00:54:00+00:00","og_image":[{"width":1200,"height":800,"url":"https:\/\/essai-armes.fr\/wp-content\/uploads\/2025\/05\/carabine_d_abord_lourde_maintenant_adoree_9593.jpg","type":"image\/jpeg"}],"author":"EssaiArmes","twitter_card":"summary_large_image","twitter_misc":{"Verfasst von":"EssaiArmes","Gesch\u00e4tzte Lesezeit":"4\u00a0Minuten"},"schema":{"@context":"https:\/\/schema.org","@graph":[{"@type":"Article","@id":"https:\/\/essai-armes.fr\/de\/pourquoi-carabine-que-je-pensais-trop-lourde-est-devenue-mon-arme-fetiche\/#article","isPartOf":{"@id":"https:\/\/essai-armes.fr\/de\/pourquoi-carabine-que-je-pensais-trop-lourde-est-devenue-mon-arme-fetiche\/"},"author":{"name":"EssaiArmes","@id":"https:\/\/essai-armes.fr\/de\/#\/schema\/person\/285db589fb6ccb5526b53c03232855a1"},"headline":"Pourquoi cette carabine que je pensais trop lourde est devenue mon arme f\u00e9tiche","datePublished":"2025-05-14T00:54:00+00:00","mainEntityOfPage":{"@id":"https:\/\/essai-armes.fr\/de\/pourquoi-carabine-que-je-pensais-trop-lourde-est-devenue-mon-arme-fetiche\/"},"wordCount":764,"commentCount":0,"publisher":{"@id":"https:\/\/essai-armes.fr\/de\/#organization"},"image":{"@id":"https:\/\/essai-armes.fr\/de\/pourquoi-carabine-que-je-pensais-trop-lourde-est-devenue-mon-arme-fetiche\/#primaryimage"},"thumbnailUrl":"https:\/\/essai-armes.fr\/wp-content\/uploads\/2025\/05\/carabine_d_abord_lourde_maintenant_adoree_9593.jpg","articleSection":["Blog"],"inLanguage":"de","potentialAction":[{"@type":"CommentAction","name":"Comment","target":["https:\/\/essai-armes.fr\/de\/pourquoi-carabine-que-je-pensais-trop-lourde-est-devenue-mon-arme-fetiche\/#respond"]}]},{"@type":"WebPage","@id":"https:\/\/essai-armes.fr\/de\/pourquoi-carabine-que-je-pensais-trop-lourde-est-devenue-mon-arme-fetiche\/","url":"https:\/\/essai-armes.fr\/de\/pourquoi-carabine-que-je-pensais-trop-lourde-est-devenue-mon-arme-fetiche\/","name":"Pourquoi cette carabine que je pensais trop lourde est devenue mon arme f\u00e9tiche - Essai Armes","isPartOf":{"@id":"https:\/\/essai-armes.fr\/de\/#website"},"primaryImageOfPage":{"@id":"https:\/\/essai-armes.fr\/de\/pourquoi-carabine-que-je-pensais-trop-lourde-est-devenue-mon-arme-fetiche\/#primaryimage"},"image":{"@id":"https:\/\/essai-armes.fr\/de\/pourquoi-carabine-que-je-pensais-trop-lourde-est-devenue-mon-arme-fetiche\/#primaryimage"},"thumbnailUrl":"https:\/\/essai-armes.fr\/wp-content\/uploads\/2025\/05\/carabine_d_abord_lourde_maintenant_adoree_9593.jpg","datePublished":"2025-05-14T00:54:00+00:00","breadcrumb":{"@id":"https:\/\/essai-armes.fr\/de\/pourquoi-carabine-que-je-pensais-trop-lourde-est-devenue-mon-arme-fetiche\/#breadcrumb"},"inLanguage":"de","potentialAction":[{"@type":"ReadAction","target":["https:\/\/essai-armes.fr\/de\/pourquoi-carabine-que-je-pensais-trop-lourde-est-devenue-mon-arme-fetiche\/"]}]},{"@type":"ImageObject","inLanguage":"de","@id":"https:\/\/essai-armes.fr\/de\/pourquoi-carabine-que-je-pensais-trop-lourde-est-devenue-mon-arme-fetiche\/#primaryimage","url":"https:\/\/essai-armes.fr\/wp-content\/uploads\/2025\/05\/carabine_d_abord_lourde_maintenant_adoree_9593.jpg","contentUrl":"https:\/\/essai-armes.fr\/wp-content\/uploads\/2025\/05\/carabine_d_abord_lourde_maintenant_adoree_9593.jpg","width":1200,"height":800,"caption":"Pourquoi cette carabine que je pensais trop lourde est devenue mon arme f\u00e9tiche"},{"@type":"BreadcrumbList","@id":"https:\/\/essai-armes.fr\/de\/pourquoi-carabine-que-je-pensais-trop-lourde-est-devenue-mon-arme-fetiche\/#breadcrumb","itemListElement":[{"@type":"ListItem","position":1,"name":"Accueil","item":"https:\/\/essai-armes.fr\/"},{"@type":"ListItem","position":2,"name":"Pourquoi cette carabine que je pensais trop lourde est devenue mon arme f\u00e9tiche"}]},{"@type":"WebSite","@id":"https:\/\/essai-armes.fr\/de\/#website","url":"https:\/\/essai-armes.fr\/de\/","name":"Waffen-Test","description":"","publisher":{"@id":"https:\/\/essai-armes.fr\/de\/#organization"},"potentialAction":[{"@type":"SearchAction","target":{"@type":"EntryPoint","urlTemplate":"https:\/\/essai-armes.fr\/de\/?s={search_term_string}"},"query-input":{"@type":"PropertyValueSpecification","valueRequired":true,"valueName":"search_term_string"}}],"inLanguage":"de"},{"@type":"Organization","@id":"https:\/\/essai-armes.fr\/de\/#organization","name":"Waffen-Test","url":"https:\/\/essai-armes.fr\/de\/","logo":{"@type":"ImageObject","inLanguage":"de","@id":"https:\/\/essai-armes.fr\/de\/#\/schema\/logo\/image\/","url":"https:\/\/essai-armes.fr\/wp-content\/uploads\/2023\/06\/logo.png","contentUrl":"https:\/\/essai-armes.fr\/wp-content\/uploads\/2023\/06\/logo.png","width":624,"height":489,"caption":"Essai Armes"},"image":{"@id":"https:\/\/essai-armes.fr\/de\/#\/schema\/logo\/image\/"}},{"@type":"Person","@id":"https:\/\/essai-armes.fr\/de\/#\/schema\/person\/285db589fb6ccb5526b53c03232855a1","name":"EssayArme","image":{"@type":"ImageObject","inLanguage":"de","@id":"https:\/\/secure.gravatar.com\/avatar\/4eef13a6b86eb52c791dc07affe061c4d9911166d4959e685012a2770ae0f344?s=96&d=mm&r=g","url":"https:\/\/secure.gravatar.com\/avatar\/4eef13a6b86eb52c791dc07affe061c4d9911166d4959e685012a2770ae0f344?s=96&d=mm&r=g","contentUrl":"https:\/\/secure.gravatar.com\/avatar\/4eef13a6b86eb52c791dc07affe061c4d9911166d4959e685012a2770ae0f344?s=96&d=mm&r=g","caption":"EssaiArmes"},"sameAs":["https:\/\/essai-armes.fr"],"url":"https:\/\/essai-armes.fr\/de\/author\/essaiarmes\/"}]}},"_links":{"self":[{"href":"https:\/\/essai-armes.fr\/de\/wp-json\/wp\/v2\/posts\/2684","targetHints":{"allow":["GET"]}}],"collection":[{"href":"https:\/\/essai-armes.fr\/de\/wp-json\/wp\/v2\/posts"}],"about":[{"href":"https:\/\/essai-armes.fr\/de\/wp-json\/wp\/v2\/types\/post"}],"author":[{"embeddable":true,"href":"https:\/\/essai-armes.fr\/de\/wp-json\/wp\/v2\/users\/1"}],"replies":[{"embeddable":true,"href":"https:\/\/essai-armes.fr\/de\/wp-json\/wp\/v2\/comments?post=2684"}],"version-history":[{"count":1,"href":"https:\/\/essai-armes.fr\/de\/wp-json\/wp\/v2\/posts\/2684\/revisions"}],"predecessor-version":[{"id":2727,"href":"https:\/\/essai-armes.fr\/de\/wp-json\/wp\/v2\/posts\/2684\/revisions\/2727"}],"wp:featuredmedia":[{"embeddable":true,"href":"https:\/\/essai-armes.fr\/de\/wp-json\/wp\/v2\/media\/2682"}],"wp:attachment":[{"href":"https:\/\/essai-armes.fr\/de\/wp-json\/wp\/v2\/media?parent=2684"}],"wp:term":[{"taxonomy":"category","embeddable":true,"href":"https:\/\/essai-armes.fr\/de\/wp-json\/wp\/v2\/categories?post=2684"},{"taxonomy":"post_tag","embeddable":true,"href":"https:\/\/essai-armes.fr\/de\/wp-json\/wp\/v2\/tags?post=2684"}],"curies":[{"name":"wp","href":"https:\/\/api.w.org\/{rel}","templated":true}]}}