{"id":2630,"date":"2025-05-03T07:09:00","date_gmt":"2025-05-03T07:09:00","guid":{"rendered":"https:\/\/essai-armes.fr\/?p=2630"},"modified":"2025-05-03T07:09:00","modified_gmt":"2025-05-03T07:09:00","slug":"jour-ou-char-obsolete-a-tenu-tete-armee-moderne-que-sest-il-vraiment-passe","status":"publish","type":"post","link":"https:\/\/essai-armes.fr\/de\/jour-ou-char-obsolete-a-tenu-tete-armee-moderne-que-sest-il-vraiment-passe\/","title":{"rendered":"Le jour o\u00f9 un char obsol\u00e8te a tenu t\u00eate \u00e0 une arm\u00e9e moderne : que s\u2019est-il vraiment pass\u00e9 ?"},"content":{"rendered":"<p>Le sujet du moment : laissez-moi vous raconter cette incroyable histoire qui a fait le tour du monde  ! J&rsquo;ai toujours \u00e9t\u00e9 fascin\u00e9 par les chars d&rsquo;assaut. Dans mon armurerie, j&rsquo;ai m\u00eame une collection de maquettes qui impressionne mes clients. Mais rien ne vaut l&rsquo;histoire de ce char obsol\u00e8te qui a d\u00e9fi\u00e9 toute logique militaire !<\/p>\n<h2>L&rsquo;extraordinaire r\u00e9sistance du T-34-85 en Bosnie<\/h2>\n<p>Je me souviens comme si c&rsquo;\u00e9tait hier de cette nouvelle qui a secou\u00e9 le milieu militaire en 1994. Un vieux T-34-85 sovi\u00e9tique, un engin que j&rsquo;aurais volontiers qualifi\u00e9 de pi\u00e8ce de mus\u00e9e, s&rsquo;est retrouv\u00e9 au c\u0153ur d&rsquo;un affrontement improbable pendant la guerre de Bosnie.<\/p>\n<p>Ce char, con\u00e7u pendant la Seconde Guerre mondiale, \u00e9tait cens\u00e9 \u00eatre compl\u00e8tement d\u00e9pass\u00e9 face aux \u00e9quipements modernes. <strong>Mais contre toute attente, il a r\u00e9ussi \u00e0 r\u00e9sister et m\u00eame riposter face \u00e0 des forces bien mieux \u00e9quip\u00e9es<\/strong>. Comment est-ce possible ? Je vais vous l&rsquo;expliquer.<\/p>\n<p>Le 16 avril 1994, \u00e0 Maglaj, ce T-34-85 \u00e9tait op\u00e9r\u00e9 par les forces bosniaques et s&rsquo;est retrouv\u00e9 encercl\u00e9 par des forces serbes \u00e9quip\u00e9es d&rsquo;armements bien plus r\u00e9cents. <strong>Cet engin de 32 tonnes, avec son canon de 85 mm, a pourtant r\u00e9ussi \u00e0 d\u00e9truire plusieurs positions ennemies<\/strong> avant de battre en retraite sans subir de dommages critiques.<\/p>\n<p>J&rsquo;ai eu l&rsquo;occasion de discuter avec un expert qui avait analys\u00e9 cet \u00e9v\u00e9nement. Il m&rsquo;a expliqu\u00e9 que le succ\u00e8s tenait \u00e0 trois facteurs cl\u00e9s :<\/p>\n<ul>\n<li>La simplicit\u00e9 m\u00e9canique du T-34 qui le rendait incroyablement fiable<\/li>\n<li>Son profil bas et sa mobilit\u00e9 surprenante<\/li>\n<li>L&rsquo;effet de surprise psychologique face \u00e0 un adversaire qui ne s&rsquo;attendait pas \u00e0 ce type de menace<\/li>\n<li>La connaissance parfaite du terrain par l&rsquo;\u00e9quipage bosniaque<\/li>\n<\/ul>\n<h2>Les caract\u00e9ristiques qui ont fait la diff\u00e9rence<\/h2>\n<p>Vous savez, dans mon m\u00e9tier, j&rsquo;ai appris \u00e0 respecter les conceptions anciennes. Ce T-34-85 en est l&rsquo;exemple parfait. <em>Sa conception rudimentaire mais efficace lui permettait d&rsquo;\u00eatre r\u00e9par\u00e9 facilement avec des moyens limit\u00e9s<\/em>, un avantage crucial en temps de guerre.<\/p>\n<p>Je poss\u00e8de quelques pi\u00e8ces d\u00e9tach\u00e9es d&rsquo;anciens T-34 dans ma collection personnelle. Leur robustesse est impressionnante ! Le blindage inclin\u00e9 \u00e0 45\u00b0 du T-34 d\u00e9viait naturellement les projectiles, une innovation r\u00e9volutionnaire pour son \u00e9poque qui restait efficace m\u00eame 50 ans plus tard.<\/p>\n<p>Voici une comparaison entre ce char sovi\u00e9tique et les \u00e9quipements modernes auxquels il a fait face :<\/p>\n<table border=\"1\">\n<tr>\n<th>Merkmal<\/th>\n<th>T-34-85 (1944)<\/th>\n<th>Char moderne (1990s)<\/th>\n<\/tr>\n<tr>\n<td>Blindage<\/td>\n<td>45-90mm inclin\u00e9<\/td>\n<td>Composite multi-couches<\/td>\n<\/tr>\n<tr>\n<td>Zielen<\/td>\n<td>Optique simple<\/td>\n<td>Num\u00e9rique assist\u00e9e<\/td>\n<\/tr>\n<tr>\n<td>Fiabilit\u00e9 terrain<\/td>\n<td>Ausgezeichnet<\/td>\n<td>D\u00e9pendante de l&rsquo;\u00e9lectronique<\/td>\n<\/tr>\n<tr>\n<td>R\u00e9paration<\/td>\n<td>Possible avec outils basiques<\/td>\n<td>N\u00e9cessite \u00e9quipement sp\u00e9cialis\u00e9<\/td>\n<\/tr>\n<\/table>\n<h2>Le\u00e7ons pour la guerre moderne<\/h2>\n<p>Cette histoire m&rsquo;a toujours fait r\u00e9fl\u00e9chir sur notre d\u00e9pendance \u00e0 la technologie. <strong>La sophistication n&rsquo;est pas toujours synonyme d&rsquo;efficacit\u00e9 sur le terrain<\/strong>. Les jeunes qui viennent dans mon armurerie sont souvent passionn\u00e9s par les gadgets \u00e9lectroniques, mais je leur rappelle que la simplicit\u00e9 a ses avantages.<\/p>\n<p>L&rsquo;an dernier, j&rsquo;ai particip\u00e9 \u00e0 une d\u00e9monstration o\u00f9 un ancien tank restaur\u00e9 a \u00e9t\u00e9 compar\u00e9 \u00e0 des \u00e9quipements modernes. <em>La r\u00e9sistance et la facilit\u00e9 d&rsquo;entretien des anciens mod\u00e8les impressionnaient toujours les experts militaires pr\u00e9sents<\/em>.<\/p>\n<p>Ce que nous apprend r\u00e9ellement l&rsquo;\u00e9pisode du T-34 en Bosnie, c&rsquo;est que la connaissance du terrain, la ma\u00eetrise de son \u00e9quipement et l&rsquo;effet de surprise peuvent compenser un d\u00e9savantage technologique. Les forces sp\u00e9ciales du monde entier int\u00e8grent encore ces principes dans leur doctrine.<\/p>\n<p>Le monde militaire moderne, malgr\u00e9 ses avanc\u00e9es technologiques impressionnantes, continue d&rsquo;\u00e9tudier ces cas exceptionnels pour am\u00e9liorer la formation des \u00e9quipages et la conception des engins. Comme je le dis souvent \u00e0 mes clients : l&rsquo;arme n&rsquo;est qu&rsquo;un outil, c&rsquo;est l&rsquo;humain qui fait toute la diff\u00e9rence.<\/p>\n<div style='text-align:center;'><iframe width='560' height='315' src='https:\/\/www.youtube.com\/embed\/hYcqgT9fMD0' frameborder='0' allow='accelerometer; autoplay; clipboard-write; encrypted-media; gyroscope; picture-in-picture' allowfullscreen><\/iframe><\/div>","protected":false},"excerpt":{"rendered":"<p>Le sujet du moment : laissez-moi vous raconter cette incroyable histoire qui a fait le tour du monde ! J&rsquo;ai toujours \u00e9t\u00e9 fascin\u00e9 par les chars d&rsquo;assaut. Dans mon armurerie, j&rsquo;ai m\u00eame une collection de maquettes qui impressionne mes clients. Mais rien ne vaut l&rsquo;histoire de ce char obsol\u00e8te qui a d\u00e9fi\u00e9 toute logique militaire &#8230; <a title=\"Le jour o\u00f9 un char obsol\u00e8te a tenu t\u00eate \u00e0 une arm\u00e9e moderne : que s\u2019est-il vraiment pass\u00e9 ?\" class=\"read-more\" href=\"https:\/\/essai-armes.fr\/de\/jour-ou-char-obsolete-a-tenu-tete-armee-moderne-que-sest-il-vraiment-passe\/\" aria-label=\"Mehr Informationen \u00fcber Le jour o\u00f9 un char obsol\u00e8te a tenu t\u00eate \u00e0 une arm\u00e9e moderne : que s\u2019est-il vraiment pass\u00e9 ?\">Weiterlesen &#8230;<\/a><\/p>","protected":false},"author":2,"featured_media":0,"comment_status":"open","ping_status":"","sticky":false,"template":"","format":"standard","meta":{"footnotes":""},"categories":[1],"tags":[],"class_list":["post-2630","post","type-post","status-publish","format-standard","hentry","category-blog"],"yoast_head":"<!-- This site is optimized with the Yoast SEO plugin v27.5 - https:\/\/yoast.com\/product\/yoast-seo-wordpress\/ -->\n<title>Le jour o\u00f9 un char obsol\u00e8te a tenu t\u00eate \u00e0 une arm\u00e9e moderne : que s\u2019est-il vraiment pass\u00e9 ? - Essai Armes<\/title>\n<meta name=\"robots\" content=\"index, follow, max-snippet:-1, max-image-preview:large, max-video-preview:-1\" \/>\n<link rel=\"canonical\" href=\"https:\/\/essai-armes.fr\/de\/jour-ou-char-obsolete-a-tenu-tete-armee-moderne-que-sest-il-vraiment-passe\/\" \/>\n<meta property=\"og:locale\" content=\"de_DE\" \/>\n<meta property=\"og:type\" content=\"article\" \/>\n<meta property=\"og:title\" content=\"Le jour o\u00f9 un char obsol\u00e8te a tenu t\u00eate \u00e0 une arm\u00e9e moderne : que s\u2019est-il vraiment pass\u00e9 ? - Essai Armes\" \/>\n<meta property=\"og:description\" content=\"Le sujet du moment : laissez-moi vous raconter cette incroyable histoire qui a fait le tour du monde ! J&rsquo;ai toujours \u00e9t\u00e9 fascin\u00e9 par les chars d&rsquo;assaut. Dans mon armurerie, j&rsquo;ai m\u00eame une collection de maquettes qui impressionne mes clients. Mais rien ne vaut l&rsquo;histoire de ce char obsol\u00e8te qui a d\u00e9fi\u00e9 toute logique militaire ... Weiterlesen ...\" \/>\n<meta property=\"og:url\" content=\"https:\/\/essai-armes.fr\/de\/jour-ou-char-obsolete-a-tenu-tete-armee-moderne-que-sest-il-vraiment-passe\/\" \/>\n<meta property=\"og:site_name\" content=\"Essai Armes\" \/>\n<meta property=\"article:published_time\" content=\"2025-05-03T07:09:00+00:00\" \/>\n<meta name=\"author\" content=\"Damien\" \/>\n<meta name=\"twitter:card\" content=\"summary_large_image\" \/>\n<meta name=\"twitter:label1\" content=\"Verfasst von\" \/>\n\t<meta name=\"twitter:data1\" content=\"Damien\" \/>\n\t<meta name=\"twitter:label2\" content=\"Gesch\u00e4tzte Lesezeit\" \/>\n\t<meta name=\"twitter:data2\" content=\"3\u00a0Minuten\" \/>\n<script type=\"application\/ld+json\" class=\"yoast-schema-graph\">{\"@context\":\"https:\\\/\\\/schema.org\",\"@graph\":[{\"@type\":\"Article\",\"@id\":\"https:\\\/\\\/essai-armes.fr\\\/de\\\/jour-ou-char-obsolete-a-tenu-tete-armee-moderne-que-sest-il-vraiment-passe\\\/#article\",\"isPartOf\":{\"@id\":\"https:\\\/\\\/essai-armes.fr\\\/de\\\/jour-ou-char-obsolete-a-tenu-tete-armee-moderne-que-sest-il-vraiment-passe\\\/\"},\"author\":{\"name\":\"Damien\",\"@id\":\"https:\\\/\\\/essai-armes.fr\\\/de\\\/#\\\/schema\\\/person\\\/3ee005425b0b49de03b99036963c456d\"},\"headline\":\"Le jour o\u00f9 un char obsol\u00e8te a tenu t\u00eate \u00e0 une arm\u00e9e moderne : que s\u2019est-il vraiment pass\u00e9 ?\",\"datePublished\":\"2025-05-03T07:09:00+00:00\",\"mainEntityOfPage\":{\"@id\":\"https:\\\/\\\/essai-armes.fr\\\/de\\\/jour-ou-char-obsolete-a-tenu-tete-armee-moderne-que-sest-il-vraiment-passe\\\/\"},\"wordCount\":677,\"commentCount\":0,\"publisher\":{\"@id\":\"https:\\\/\\\/essai-armes.fr\\\/de\\\/#organization\"},\"articleSection\":[\"Blog\"],\"inLanguage\":\"de\",\"potentialAction\":[{\"@type\":\"CommentAction\",\"name\":\"Comment\",\"target\":[\"https:\\\/\\\/essai-armes.fr\\\/de\\\/jour-ou-char-obsolete-a-tenu-tete-armee-moderne-que-sest-il-vraiment-passe\\\/#respond\"]}]},{\"@type\":\"WebPage\",\"@id\":\"https:\\\/\\\/essai-armes.fr\\\/de\\\/jour-ou-char-obsolete-a-tenu-tete-armee-moderne-que-sest-il-vraiment-passe\\\/\",\"url\":\"https:\\\/\\\/essai-armes.fr\\\/de\\\/jour-ou-char-obsolete-a-tenu-tete-armee-moderne-que-sest-il-vraiment-passe\\\/\",\"name\":\"Le jour o\u00f9 un char obsol\u00e8te a tenu t\u00eate \u00e0 une arm\u00e9e moderne : que s\u2019est-il vraiment pass\u00e9 ? - Essai Armes\",\"isPartOf\":{\"@id\":\"https:\\\/\\\/essai-armes.fr\\\/de\\\/#website\"},\"datePublished\":\"2025-05-03T07:09:00+00:00\",\"breadcrumb\":{\"@id\":\"https:\\\/\\\/essai-armes.fr\\\/de\\\/jour-ou-char-obsolete-a-tenu-tete-armee-moderne-que-sest-il-vraiment-passe\\\/#breadcrumb\"},\"inLanguage\":\"de\",\"potentialAction\":[{\"@type\":\"ReadAction\",\"target\":[\"https:\\\/\\\/essai-armes.fr\\\/de\\\/jour-ou-char-obsolete-a-tenu-tete-armee-moderne-que-sest-il-vraiment-passe\\\/\"]}]},{\"@type\":\"BreadcrumbList\",\"@id\":\"https:\\\/\\\/essai-armes.fr\\\/de\\\/jour-ou-char-obsolete-a-tenu-tete-armee-moderne-que-sest-il-vraiment-passe\\\/#breadcrumb\",\"itemListElement\":[{\"@type\":\"ListItem\",\"position\":1,\"name\":\"Accueil\",\"item\":\"https:\\\/\\\/essai-armes.fr\\\/\"},{\"@type\":\"ListItem\",\"position\":2,\"name\":\"Le jour o\u00f9 un char obsol\u00e8te a tenu t\u00eate \u00e0 une arm\u00e9e moderne : que s\u2019est-il vraiment pass\u00e9 ?\"}]},{\"@type\":\"WebSite\",\"@id\":\"https:\\\/\\\/essai-armes.fr\\\/de\\\/#website\",\"url\":\"https:\\\/\\\/essai-armes.fr\\\/de\\\/\",\"name\":\"Essai Armes\",\"description\":\"\",\"publisher\":{\"@id\":\"https:\\\/\\\/essai-armes.fr\\\/de\\\/#organization\"},\"potentialAction\":[{\"@type\":\"SearchAction\",\"target\":{\"@type\":\"EntryPoint\",\"urlTemplate\":\"https:\\\/\\\/essai-armes.fr\\\/de\\\/?s={search_term_string}\"},\"query-input\":{\"@type\":\"PropertyValueSpecification\",\"valueRequired\":true,\"valueName\":\"search_term_string\"}}],\"inLanguage\":\"de\"},{\"@type\":\"Organization\",\"@id\":\"https:\\\/\\\/essai-armes.fr\\\/de\\\/#organization\",\"name\":\"Essai Armes\",\"url\":\"https:\\\/\\\/essai-armes.fr\\\/de\\\/\",\"logo\":{\"@type\":\"ImageObject\",\"inLanguage\":\"de\",\"@id\":\"https:\\\/\\\/essai-armes.fr\\\/de\\\/#\\\/schema\\\/logo\\\/image\\\/\",\"url\":\"https:\\\/\\\/essai-armes.fr\\\/wp-content\\\/uploads\\\/2023\\\/06\\\/logo.png\",\"contentUrl\":\"https:\\\/\\\/essai-armes.fr\\\/wp-content\\\/uploads\\\/2023\\\/06\\\/logo.png\",\"width\":624,\"height\":489,\"caption\":\"Essai Armes\"},\"image\":{\"@id\":\"https:\\\/\\\/essai-armes.fr\\\/de\\\/#\\\/schema\\\/logo\\\/image\\\/\"}},{\"@type\":\"Person\",\"@id\":\"https:\\\/\\\/essai-armes.fr\\\/de\\\/#\\\/schema\\\/person\\\/3ee005425b0b49de03b99036963c456d\",\"name\":\"Damien\",\"image\":{\"@type\":\"ImageObject\",\"inLanguage\":\"de\",\"@id\":\"https:\\\/\\\/secure.gravatar.com\\\/avatar\\\/ce38768ebaf5d044c623efd7ff10a6ad2e1bf4f59b1039f5295b8e35e82bb447?s=96&d=mm&r=g\",\"url\":\"https:\\\/\\\/secure.gravatar.com\\\/avatar\\\/ce38768ebaf5d044c623efd7ff10a6ad2e1bf4f59b1039f5295b8e35e82bb447?s=96&d=mm&r=g\",\"contentUrl\":\"https:\\\/\\\/secure.gravatar.com\\\/avatar\\\/ce38768ebaf5d044c623efd7ff10a6ad2e1bf4f59b1039f5295b8e35e82bb447?s=96&d=mm&r=g\",\"caption\":\"Damien\"},\"url\":\"https:\\\/\\\/essai-armes.fr\\\/de\\\/author\\\/damien\\\/\"}]}<\/script>\n<!-- \/ Yoast SEO plugin. -->","yoast_head_json":{"title":"Le jour o\u00f9 un char obsol\u00e8te a tenu t\u00eate \u00e0 une arm\u00e9e moderne : que s\u2019est-il vraiment pass\u00e9 ? - Essai Armes","robots":{"index":"index","follow":"follow","max-snippet":"max-snippet:-1","max-image-preview":"max-image-preview:large","max-video-preview":"max-video-preview:-1"},"canonical":"https:\/\/essai-armes.fr\/de\/jour-ou-char-obsolete-a-tenu-tete-armee-moderne-que-sest-il-vraiment-passe\/","og_locale":"de_DE","og_type":"article","og_title":"Le jour o\u00f9 un char obsol\u00e8te a tenu t\u00eate \u00e0 une arm\u00e9e moderne : que s\u2019est-il vraiment pass\u00e9 ? - Essai Armes","og_description":"Le sujet du moment : laissez-moi vous raconter cette incroyable histoire qui a fait le tour du monde ! J&rsquo;ai toujours \u00e9t\u00e9 fascin\u00e9 par les chars d&rsquo;assaut. Dans mon armurerie, j&rsquo;ai m\u00eame une collection de maquettes qui impressionne mes clients. Mais rien ne vaut l&rsquo;histoire de ce char obsol\u00e8te qui a d\u00e9fi\u00e9 toute logique militaire ... Weiterlesen ...","og_url":"https:\/\/essai-armes.fr\/de\/jour-ou-char-obsolete-a-tenu-tete-armee-moderne-que-sest-il-vraiment-passe\/","og_site_name":"Essai Armes","article_published_time":"2025-05-03T07:09:00+00:00","author":"Damien","twitter_card":"summary_large_image","twitter_misc":{"Verfasst von":"Damien","Gesch\u00e4tzte Lesezeit":"3\u00a0Minuten"},"schema":{"@context":"https:\/\/schema.org","@graph":[{"@type":"Article","@id":"https:\/\/essai-armes.fr\/de\/jour-ou-char-obsolete-a-tenu-tete-armee-moderne-que-sest-il-vraiment-passe\/#article","isPartOf":{"@id":"https:\/\/essai-armes.fr\/de\/jour-ou-char-obsolete-a-tenu-tete-armee-moderne-que-sest-il-vraiment-passe\/"},"author":{"name":"Damien","@id":"https:\/\/essai-armes.fr\/de\/#\/schema\/person\/3ee005425b0b49de03b99036963c456d"},"headline":"Le jour o\u00f9 un char obsol\u00e8te a tenu t\u00eate \u00e0 une arm\u00e9e moderne : que s\u2019est-il vraiment pass\u00e9 ?","datePublished":"2025-05-03T07:09:00+00:00","mainEntityOfPage":{"@id":"https:\/\/essai-armes.fr\/de\/jour-ou-char-obsolete-a-tenu-tete-armee-moderne-que-sest-il-vraiment-passe\/"},"wordCount":677,"commentCount":0,"publisher":{"@id":"https:\/\/essai-armes.fr\/de\/#organization"},"articleSection":["Blog"],"inLanguage":"de","potentialAction":[{"@type":"CommentAction","name":"Comment","target":["https:\/\/essai-armes.fr\/de\/jour-ou-char-obsolete-a-tenu-tete-armee-moderne-que-sest-il-vraiment-passe\/#respond"]}]},{"@type":"WebPage","@id":"https:\/\/essai-armes.fr\/de\/jour-ou-char-obsolete-a-tenu-tete-armee-moderne-que-sest-il-vraiment-passe\/","url":"https:\/\/essai-armes.fr\/de\/jour-ou-char-obsolete-a-tenu-tete-armee-moderne-que-sest-il-vraiment-passe\/","name":"Le jour o\u00f9 un char obsol\u00e8te a tenu t\u00eate \u00e0 une arm\u00e9e moderne : que s\u2019est-il vraiment pass\u00e9 ? - Essai Armes","isPartOf":{"@id":"https:\/\/essai-armes.fr\/de\/#website"},"datePublished":"2025-05-03T07:09:00+00:00","breadcrumb":{"@id":"https:\/\/essai-armes.fr\/de\/jour-ou-char-obsolete-a-tenu-tete-armee-moderne-que-sest-il-vraiment-passe\/#breadcrumb"},"inLanguage":"de","potentialAction":[{"@type":"ReadAction","target":["https:\/\/essai-armes.fr\/de\/jour-ou-char-obsolete-a-tenu-tete-armee-moderne-que-sest-il-vraiment-passe\/"]}]},{"@type":"BreadcrumbList","@id":"https:\/\/essai-armes.fr\/de\/jour-ou-char-obsolete-a-tenu-tete-armee-moderne-que-sest-il-vraiment-passe\/#breadcrumb","itemListElement":[{"@type":"ListItem","position":1,"name":"Accueil","item":"https:\/\/essai-armes.fr\/"},{"@type":"ListItem","position":2,"name":"Le jour o\u00f9 un char obsol\u00e8te a tenu t\u00eate \u00e0 une arm\u00e9e moderne : que s\u2019est-il vraiment pass\u00e9 ?"}]},{"@type":"WebSite","@id":"https:\/\/essai-armes.fr\/de\/#website","url":"https:\/\/essai-armes.fr\/de\/","name":"Waffen-Test","description":"","publisher":{"@id":"https:\/\/essai-armes.fr\/de\/#organization"},"potentialAction":[{"@type":"SearchAction","target":{"@type":"EntryPoint","urlTemplate":"https:\/\/essai-armes.fr\/de\/?s={search_term_string}"},"query-input":{"@type":"PropertyValueSpecification","valueRequired":true,"valueName":"search_term_string"}}],"inLanguage":"de"},{"@type":"Organization","@id":"https:\/\/essai-armes.fr\/de\/#organization","name":"Waffen-Test","url":"https:\/\/essai-armes.fr\/de\/","logo":{"@type":"ImageObject","inLanguage":"de","@id":"https:\/\/essai-armes.fr\/de\/#\/schema\/logo\/image\/","url":"https:\/\/essai-armes.fr\/wp-content\/uploads\/2023\/06\/logo.png","contentUrl":"https:\/\/essai-armes.fr\/wp-content\/uploads\/2023\/06\/logo.png","width":624,"height":489,"caption":"Essai Armes"},"image":{"@id":"https:\/\/essai-armes.fr\/de\/#\/schema\/logo\/image\/"}},{"@type":"Person","@id":"https:\/\/essai-armes.fr\/de\/#\/schema\/person\/3ee005425b0b49de03b99036963c456d","name":"Damien","image":{"@type":"ImageObject","inLanguage":"de","@id":"https:\/\/secure.gravatar.com\/avatar\/ce38768ebaf5d044c623efd7ff10a6ad2e1bf4f59b1039f5295b8e35e82bb447?s=96&d=mm&r=g","url":"https:\/\/secure.gravatar.com\/avatar\/ce38768ebaf5d044c623efd7ff10a6ad2e1bf4f59b1039f5295b8e35e82bb447?s=96&d=mm&r=g","contentUrl":"https:\/\/secure.gravatar.com\/avatar\/ce38768ebaf5d044c623efd7ff10a6ad2e1bf4f59b1039f5295b8e35e82bb447?s=96&d=mm&r=g","caption":"Damien"},"url":"https:\/\/essai-armes.fr\/de\/author\/damien\/"}]}},"_links":{"self":[{"href":"https:\/\/essai-armes.fr\/de\/wp-json\/wp\/v2\/posts\/2630","targetHints":{"allow":["GET"]}}],"collection":[{"href":"https:\/\/essai-armes.fr\/de\/wp-json\/wp\/v2\/posts"}],"about":[{"href":"https:\/\/essai-armes.fr\/de\/wp-json\/wp\/v2\/types\/post"}],"author":[{"embeddable":true,"href":"https:\/\/essai-armes.fr\/de\/wp-json\/wp\/v2\/users\/2"}],"replies":[{"embeddable":true,"href":"https:\/\/essai-armes.fr\/de\/wp-json\/wp\/v2\/comments?post=2630"}],"version-history":[{"count":1,"href":"https:\/\/essai-armes.fr\/de\/wp-json\/wp\/v2\/posts\/2630\/revisions"}],"predecessor-version":[{"id":2633,"href":"https:\/\/essai-armes.fr\/de\/wp-json\/wp\/v2\/posts\/2630\/revisions\/2633"}],"wp:attachment":[{"href":"https:\/\/essai-armes.fr\/de\/wp-json\/wp\/v2\/media?parent=2630"}],"wp:term":[{"taxonomy":"category","embeddable":true,"href":"https:\/\/essai-armes.fr\/de\/wp-json\/wp\/v2\/categories?post=2630"},{"taxonomy":"post_tag","embeddable":true,"href":"https:\/\/essai-armes.fr\/de\/wp-json\/wp\/v2\/tags?post=2630"}],"curies":[{"name":"wp","href":"https:\/\/api.w.org\/{rel}","templated":true}]}}