{"id":2328,"date":"2025-04-05T00:10:23","date_gmt":"2025-04-05T00:10:23","guid":{"rendered":"https:\/\/essai-armes.fr\/?p=2328"},"modified":"2025-04-05T00:10:23","modified_gmt":"2025-04-05T00:10:23","slug":"qui-est-chef-armees-france-role-prerogatives","status":"publish","type":"post","link":"https:\/\/essai-armes.fr\/de\/qui-est-chef-armees-france-role-prerogatives\/","title":{"rendered":"Qui est le chef des arm\u00e9es en France : r\u00f4le et pr\u00e9rogatives"},"content":{"rendered":"<p><strong>Der Artikel in K\u00fcrze<\/strong><\/p>\n<p><p>L&rsquo;organisation du commandement militaire fran\u00e7ais repose sur une hi\u00e9rarchie constitutionnelle claire et efficace.<\/p>\n<ul>\n<li>Die <strong>Pr\u00e9sident de la R\u00e9publique<\/strong> est le chef des arm\u00e9es selon l&rsquo;article 15 de la Constitution, d\u00e9tenant <em>le pouvoir d\u00e9cisionnel sur la force nucl\u00e9aire<\/em>.<\/li>\n<li>Die <strong>Premier ministre<\/strong> assure la responsabilit\u00e9 de la d\u00e9fense nationale et <em>coordonne l&rsquo;action gouvernementale<\/em> en mati\u00e8re de s\u00e9curit\u00e9.<\/li>\n<li>Die <strong>ministre des Arm\u00e9es<\/strong> g\u00e8re quotidiennement les forces arm\u00e9es sous autorit\u00e9 du Premier ministre.<\/li>\n<li>Die <strong>chef d&rsquo;\u00e9tat-major<\/strong> est le militaire de plus haut rang qui <em>ex\u00e9cute les d\u00e9cisions politiques<\/em> et commande op\u00e9rationnellement.<\/li>\n<\/ul>\n<p>Le sujet du moment : les questions militaires et la hi\u00e9rarchie du pouvoir en France  ! Sujet passionnant que je connais bien. Dans mon armurerie, je vois souvent des clients curieux qui me demandent comment fonctionne r\u00e9ellement le commandement militaire en France. Aujourd&rsquo;hui, je vais vous \u00e9clairer sur le r\u00f4le du <strong>chef des arm\u00e9es en France<\/strong>, une fonction cruciale pour notre d\u00e9fense nationale.<\/p>\n<h2>Le pr\u00e9sident de la R\u00e9publique comme chef supr\u00eame des forces arm\u00e9es<\/h2>\n<p>En France, c&rsquo;est le pr\u00e9sident de la R\u00e9publique qui assume la fonction de <strong>chef des arm\u00e9es<\/strong>. Cette pr\u00e9rogative est clairement \u00e9tablie par l&rsquo;article 15 de notre Constitution de 1958. C&rsquo;est lui qui prend les d\u00e9cisions majeures concernant l&rsquo;engagement de nos forces militaires et notre strat\u00e9gie de d\u00e9fense nationale.<\/p>\n<p>Je me souviens d&rsquo;une conversation avec un ancien officier devenu client r\u00e9gulier qui m&rsquo;expliquait comment cette organisation pyramidale permettait une r\u00e9activit\u00e9 exceptionnelle en cas de crise. Le pr\u00e9sident peut d\u00e9clencher l&rsquo;usage de la force nucl\u00e9aire sans consultation pr\u00e9alable &#8211; un pouvoir consid\u00e9rable qui illustre sa position dominante dans le dispositif militaire fran\u00e7ais.<\/p>\n<p>Emmanuel Macron, comme ses pr\u00e9d\u00e9cesseurs, pr\u00e9side le Conseil de d\u00e9fense et de s\u00e9curit\u00e9 nationale o\u00f9 sont discut\u00e9es les orientations strat\u00e9giques majeures. Il a autorit\u00e9 sur le d\u00e9ploiement des troupes et sur les op\u00e9rations ext\u00e9rieures. C&rsquo;est d&rsquo;ailleurs lui qui a pris les d\u00e9cisions importantes concernant la pr\u00e9sence militaire fran\u00e7aise au Sahel ces derni\u00e8res ann\u00e9es.<\/p>\n<h3>Les codes nucl\u00e9aires sous contr\u00f4le pr\u00e9sidentiel<\/h3>\n<p>Le chef de l&rsquo;\u00c9tat est le seul \u00e0 d\u00e9tenir le pouvoir d&rsquo;activation de la force de dissuasion nucl\u00e9aire fran\u00e7aise. Un pouvoir impressionnant que j&rsquo;\u00e9voque souvent avec mes clients int\u00e9ress\u00e9s par les questions de d\u00e9fense. Et croyez-moi, dans mon m\u00e9tier, j&rsquo;en croise beaucoup !<\/p>\n<h3>Arbitrage des conflits militaires internationaux<\/h3>\n<p>Le pr\u00e9sident repr\u00e9sente la France dans les sommets internationaux o\u00f9 sont discut\u00e9es les questions de d\u00e9fense, comme l&rsquo;OTAN. Il d\u00e9cide des alliances et des positions diplomatiques fran\u00e7aises en mati\u00e8re de s\u00e9curit\u00e9 internationale.<\/p>\n<h3>Validation des nominations militaires strat\u00e9giques<\/h3>\n<p>C&rsquo;est \u00e9galement le pr\u00e9sident qui valide les nominations aux postes militaires strat\u00e9giques, assurant ainsi le contr\u00f4le civil sur l&rsquo;institution militaire, principe fondamental de notre R\u00e9publique.<\/p>\n<h2>Premier ministre et Parlement : des r\u00f4les compl\u00e9mentaires dans le commandement militaire<\/h2>\n<p>Si le pr\u00e9sident est bien le <strong>chef des arm\u00e9es en France<\/strong>, le Premier ministre joue \u00e9galement un r\u00f4le crucial. Il est responsable de la d\u00e9fense nationale selon l&rsquo;article 21 de la Constitution. Cette articulation des pouvoirs permet un \u00e9quilibre, particuli\u00e8rement visible pendant les p\u00e9riodes de cohabitation politique.<\/p>\n<p>Le Premier ministre assure la continuit\u00e9 de l&rsquo;action gouvernementale en mati\u00e8re de d\u00e9fense. Il coordonne l&rsquo;action des diff\u00e9rents minist\u00e8res impliqu\u00e9s dans la s\u00e9curit\u00e9 nationale. Vous savez, c&rsquo;est un peu comme dans mon armurerie o\u00f9 je dois coordonner mes \u00e9quipes pour que tout fonctionne correctement !<\/p>\n<p>Quant au Parlement, il vote les budgets militaires et contr\u00f4le l&rsquo;action du gouvernement en mati\u00e8re de d\u00e9fense. Depuis la r\u00e9vision constitutionnelle de 2008, le Parlement doit \u00eatre inform\u00e9 de toute intervention militaire ext\u00e9rieure dans un d\u00e9lai de trois jours, et doit donner son autorisation si celle-ci se prolonge au-del\u00e0 de quatre mois.<\/p>\n<h3>La doctrine du \u00ab\u00a0domaine r\u00e9serv\u00e9\u00a0\u00bb<\/h3>\n<p>Historiquement, la d\u00e9fense et les affaires \u00e9trang\u00e8res constituent ce qu&rsquo;on appelle le \u00ab\u00a0domaine r\u00e9serv\u00e9\u00a0\u00bb du pr\u00e9sident. M\u00eame si cette notion n&rsquo;est pas inscrite dans la Constitution, elle s&rsquo;est impos\u00e9e de mani\u00e8re concr\u00e8te institutionnelle fran\u00e7aise.<\/p>\n<p>Voici les principaux acteurs du commandement militaire en France :<\/p>\n<ul>\n<li>Le Pr\u00e9sident de la R\u00e9publique : chef des arm\u00e9es et d\u00e9cideur ultime<\/li>\n<li>Le Premier ministre : responsable de la d\u00e9fense nationale<\/li>\n<li>Le ministre des Arm\u00e9es : gestionnaire quotidien des forces arm\u00e9es<\/li>\n<li>Le chef d&rsquo;\u00e9tat-major des arm\u00e9es : conseiller militaire principal<\/li>\n<\/ul>\n<h3>Le ministre des Arm\u00e9es et la gestion quotidienne<\/h3>\n<p>Le ministre des Arm\u00e9es, sous l&rsquo;autorit\u00e9 du Premier ministre, assure la gestion quotidienne des forces arm\u00e9es. Il pr\u00e9pare et met en \u0153uvre la politique de d\u00e9fense. Si vous voulez en savoir plus sur les types d&rsquo;armement dont disposent nos forces, je vous invite \u00e0 consulter cette page sur <a href=\"https:\/\/essai-armes.fr\/de\/welche-waffen-erlaubt-sind-gesetzesvorschriften\/\">quelles armes sont autoris\u00e9es : r\u00e9glementation et l\u00e9gislation<\/a>.<\/p>\n<h2>Distinction essentielle entre chef des arm\u00e9es et chef d&rsquo;\u00e9tat-major<\/h2>\n<p>Ne confondez pas le <strong>chef des arm\u00e9es<\/strong> (le pr\u00e9sident) avec le chef d&rsquo;\u00e9tat-major des arm\u00e9es (CEMA). Ce dernier est le militaire de plus haut rang et le conseiller principal du gouvernement sur les questions militaires. Il ex\u00e9cute les d\u00e9cisions du pouvoir politique et commande op\u00e9rationnellement les forces.<\/p>\n<table border=\"1\">\n<tr>\n<th>Funktion<\/th>\n<th>D\u00e9tenteur<\/th>\n<th>R\u00f4le principal<\/th>\n<\/tr>\n<tr>\n<td>Chef des arm\u00e9es<\/td>\n<td>Pr\u00e9sident de la R\u00e9publique<\/td>\n<td>D\u00e9cisions strat\u00e9giques et autorit\u00e9 supr\u00eame<\/td>\n<\/tr>\n<tr>\n<td>Chef d&rsquo;\u00e9tat-major des arm\u00e9es<\/td>\n<td>G\u00e9n\u00e9ral\/Amiral d\u00e9sign\u00e9<\/td>\n<td>Commandement op\u00e9rationnel et conseil technique<\/td>\n<\/tr>\n<\/table>\n<p>Cette organisation militaire fran\u00e7aise s&rsquo;inscrit dans une longue tradition. Dans mon m\u00e9tier, je c\u00f4toie souvent d&rsquo;anciens militaires qui m&rsquo;expliquent les subtilit\u00e9s de cette cha\u00eene de commandement. Si vous vous demandez <a href=\"https:\/\/essai-armes.fr\/de\/welche-waffen-ist-es-legal-tragen-frankreich-gesetz-reglemente\/\">quelles armes est-il l\u00e9gal de porter en France<\/a>, sachez que notre l\u00e9gislation est tr\u00e8s stricte, reflet de cette organisation militaire rigoureuse.<\/p>\n<p>L&rsquo;\u00e9tat-major particulier du pr\u00e9sident, compos\u00e9 d&rsquo;officiers sup\u00e9rieurs des diff\u00e9rentes arm\u00e9es, joue un r\u00f4le crucial en fournissant au chef de l&rsquo;\u00c9tat des analyses et conseils sur toutes les questions militaires et de d\u00e9fense. C&rsquo;est une structure discr\u00e8te mais essentielle pour \u00e9clairer les d\u00e9cisions pr\u00e9sidentielles.<\/p>\n<p>Le dispositif fran\u00e7ais de commandement militaire, avec le pr\u00e9sident comme chef supr\u00eame, garantit une r\u00e9activit\u00e9 et une coh\u00e9rence dans les d\u00e9cisions de d\u00e9fense. Cette organisation a fait ses preuves lors des diff\u00e9rentes crises internationales que notre pays a travers\u00e9es depuis la Ve R\u00e9publique. Elle assure l&rsquo;efficacit\u00e9 de notre posture militaire tout en pr\u00e9servant le contr\u00f4le d\u00e9mocratique sur l&rsquo;usage de la force.<\/p>\n<p>Quellen:<br \/>\n<a href=\"https:\/\/fr.wikipedia.org\/wiki\/Glossaire_des_armes_%C3%A0_feu\">Schusswaffenglossar<\/a><br \/>\n<a href=\"https:\/\/fr.wikipedia.org\/wiki\/Portail:Armes\">Waffenwiki<\/a><\/p>\n<div style='text-align:center;'><iframe width='560' height='315' src='https:\/\/www.youtube.com\/embed\/tYw3VinczAE' frameborder='0' allow='accelerometer; autoplay; clipboard-write; encrypted-media; gyroscope; picture-in-picture' allowfullscreen><\/iframe><\/div>","protected":false},"excerpt":{"rendered":"<p>L&rsquo;article en bref L&rsquo;organisation du commandement militaire fran\u00e7ais repose sur une hi\u00e9rarchie constitutionnelle claire et efficace. Le Pr\u00e9sident de la R\u00e9publique est le chef des arm\u00e9es selon l&rsquo;article 15 de la Constitution, d\u00e9tenant le pouvoir d\u00e9cisionnel sur la force nucl\u00e9aire. Le Premier ministre assure la responsabilit\u00e9 de la d\u00e9fense nationale et coordonne l&rsquo;action gouvernementale en &#8230; <a title=\"Qui est le chef des arm\u00e9es en France : r\u00f4le et pr\u00e9rogatives\" class=\"read-more\" href=\"https:\/\/essai-armes.fr\/de\/qui-est-chef-armees-france-role-prerogatives\/\" aria-label=\"Mehr Informationen \u00fcber Qui est le chef des arm\u00e9es en France : r\u00f4le et pr\u00e9rogatives\">Weiterlesen &#8230;<\/a><\/p>","protected":false},"author":2,"featured_media":2327,"comment_status":"open","ping_status":"","sticky":false,"template":"","format":"standard","meta":{"footnotes":""},"categories":[1],"tags":[],"class_list":["post-2328","post","type-post","status-publish","format-standard","has-post-thumbnail","hentry","category-blog"],"yoast_head":"<!-- This site is optimized with the Yoast SEO plugin v27.4 - https:\/\/yoast.com\/product\/yoast-seo-wordpress\/ -->\n<title>Qui est le chef des arm\u00e9es en France : r\u00f4le et pr\u00e9rogatives - Essai Armes<\/title>\n<meta name=\"robots\" content=\"index, follow, max-snippet:-1, max-image-preview:large, max-video-preview:-1\" \/>\n<link rel=\"canonical\" href=\"https:\/\/essai-armes.fr\/de\/qui-est-chef-armees-france-role-prerogatives\/\" \/>\n<meta property=\"og:locale\" content=\"de_DE\" \/>\n<meta property=\"og:type\" content=\"article\" \/>\n<meta property=\"og:title\" content=\"Qui est le chef des arm\u00e9es en France : r\u00f4le et pr\u00e9rogatives - Essai Armes\" \/>\n<meta property=\"og:description\" content=\"L&rsquo;article en bref L&rsquo;organisation du commandement militaire fran\u00e7ais repose sur une hi\u00e9rarchie constitutionnelle claire et efficace. Le Pr\u00e9sident de la R\u00e9publique est le chef des arm\u00e9es selon l&rsquo;article 15 de la Constitution, d\u00e9tenant le pouvoir d\u00e9cisionnel sur la force nucl\u00e9aire. Le Premier ministre assure la responsabilit\u00e9 de la d\u00e9fense nationale et coordonne l&rsquo;action gouvernementale en ... Weiterlesen ...\" \/>\n<meta property=\"og:url\" content=\"https:\/\/essai-armes.fr\/de\/qui-est-chef-armees-france-role-prerogatives\/\" \/>\n<meta property=\"og:site_name\" content=\"Essai Armes\" \/>\n<meta property=\"article:published_time\" content=\"2025-04-05T00:10:23+00:00\" \/>\n<meta property=\"og:image\" content=\"https:\/\/essai-armes.fr\/wp-content\/uploads\/2025\/04\/le_president_chef_militaire_4193.jpg\" \/>\n\t<meta property=\"og:image:width\" content=\"1344\" \/>\n\t<meta property=\"og:image:height\" content=\"896\" \/>\n\t<meta property=\"og:image:type\" content=\"image\/jpeg\" \/>\n<meta name=\"author\" content=\"Damien\" \/>\n<meta name=\"twitter:card\" content=\"summary_large_image\" \/>\n<meta name=\"twitter:label1\" content=\"Verfasst von\" \/>\n\t<meta name=\"twitter:data1\" content=\"Damien\" \/>\n\t<meta name=\"twitter:label2\" content=\"Gesch\u00e4tzte Lesezeit\" \/>\n\t<meta name=\"twitter:data2\" content=\"6\u00a0Minuten\" \/>\n<script type=\"application\/ld+json\" class=\"yoast-schema-graph\">{\"@context\":\"https:\\\/\\\/schema.org\",\"@graph\":[{\"@type\":\"Article\",\"@id\":\"https:\\\/\\\/essai-armes.fr\\\/de\\\/qui-est-chef-armees-france-role-prerogatives\\\/#article\",\"isPartOf\":{\"@id\":\"https:\\\/\\\/essai-armes.fr\\\/de\\\/qui-est-chef-armees-france-role-prerogatives\\\/\"},\"author\":{\"name\":\"Damien\",\"@id\":\"https:\\\/\\\/essai-armes.fr\\\/de\\\/#\\\/schema\\\/person\\\/3ee005425b0b49de03b99036963c456d\"},\"headline\":\"Qui est le chef des arm\u00e9es en France : r\u00f4le et pr\u00e9rogatives\",\"datePublished\":\"2025-04-05T00:10:23+00:00\",\"mainEntityOfPage\":{\"@id\":\"https:\\\/\\\/essai-armes.fr\\\/de\\\/qui-est-chef-armees-france-role-prerogatives\\\/\"},\"wordCount\":1205,\"commentCount\":0,\"publisher\":{\"@id\":\"https:\\\/\\\/essai-armes.fr\\\/de\\\/#organization\"},\"image\":{\"@id\":\"https:\\\/\\\/essai-armes.fr\\\/de\\\/qui-est-chef-armees-france-role-prerogatives\\\/#primaryimage\"},\"thumbnailUrl\":\"https:\\\/\\\/essai-armes.fr\\\/wp-content\\\/uploads\\\/2025\\\/04\\\/le_president_chef_militaire_4193.jpg\",\"articleSection\":[\"Blog\"],\"inLanguage\":\"de\",\"potentialAction\":[{\"@type\":\"CommentAction\",\"name\":\"Comment\",\"target\":[\"https:\\\/\\\/essai-armes.fr\\\/de\\\/qui-est-chef-armees-france-role-prerogatives\\\/#respond\"]}]},{\"@type\":\"WebPage\",\"@id\":\"https:\\\/\\\/essai-armes.fr\\\/de\\\/qui-est-chef-armees-france-role-prerogatives\\\/\",\"url\":\"https:\\\/\\\/essai-armes.fr\\\/de\\\/qui-est-chef-armees-france-role-prerogatives\\\/\",\"name\":\"Qui est le chef des arm\u00e9es en France : r\u00f4le et pr\u00e9rogatives - Essai Armes\",\"isPartOf\":{\"@id\":\"https:\\\/\\\/essai-armes.fr\\\/de\\\/#website\"},\"primaryImageOfPage\":{\"@id\":\"https:\\\/\\\/essai-armes.fr\\\/de\\\/qui-est-chef-armees-france-role-prerogatives\\\/#primaryimage\"},\"image\":{\"@id\":\"https:\\\/\\\/essai-armes.fr\\\/de\\\/qui-est-chef-armees-france-role-prerogatives\\\/#primaryimage\"},\"thumbnailUrl\":\"https:\\\/\\\/essai-armes.fr\\\/wp-content\\\/uploads\\\/2025\\\/04\\\/le_president_chef_militaire_4193.jpg\",\"datePublished\":\"2025-04-05T00:10:23+00:00\",\"breadcrumb\":{\"@id\":\"https:\\\/\\\/essai-armes.fr\\\/de\\\/qui-est-chef-armees-france-role-prerogatives\\\/#breadcrumb\"},\"inLanguage\":\"de\",\"potentialAction\":[{\"@type\":\"ReadAction\",\"target\":[\"https:\\\/\\\/essai-armes.fr\\\/de\\\/qui-est-chef-armees-france-role-prerogatives\\\/\"]}]},{\"@type\":\"ImageObject\",\"inLanguage\":\"de\",\"@id\":\"https:\\\/\\\/essai-armes.fr\\\/de\\\/qui-est-chef-armees-france-role-prerogatives\\\/#primaryimage\",\"url\":\"https:\\\/\\\/essai-armes.fr\\\/wp-content\\\/uploads\\\/2025\\\/04\\\/le_president_chef_militaire_4193.jpg\",\"contentUrl\":\"https:\\\/\\\/essai-armes.fr\\\/wp-content\\\/uploads\\\/2025\\\/04\\\/le_president_chef_militaire_4193.jpg\",\"width\":1344,\"height\":896,\"caption\":\"Qui est le chef des arm\u00e9es en France : r\u00f4le et pr\u00e9rogatives\"},{\"@type\":\"BreadcrumbList\",\"@id\":\"https:\\\/\\\/essai-armes.fr\\\/de\\\/qui-est-chef-armees-france-role-prerogatives\\\/#breadcrumb\",\"itemListElement\":[{\"@type\":\"ListItem\",\"position\":1,\"name\":\"Accueil\",\"item\":\"https:\\\/\\\/essai-armes.fr\\\/\"},{\"@type\":\"ListItem\",\"position\":2,\"name\":\"Qui est le chef des arm\u00e9es en France : r\u00f4le et pr\u00e9rogatives\"}]},{\"@type\":\"WebSite\",\"@id\":\"https:\\\/\\\/essai-armes.fr\\\/de\\\/#website\",\"url\":\"https:\\\/\\\/essai-armes.fr\\\/de\\\/\",\"name\":\"Essai Armes\",\"description\":\"\",\"publisher\":{\"@id\":\"https:\\\/\\\/essai-armes.fr\\\/de\\\/#organization\"},\"potentialAction\":[{\"@type\":\"SearchAction\",\"target\":{\"@type\":\"EntryPoint\",\"urlTemplate\":\"https:\\\/\\\/essai-armes.fr\\\/de\\\/?s={search_term_string}\"},\"query-input\":{\"@type\":\"PropertyValueSpecification\",\"valueRequired\":true,\"valueName\":\"search_term_string\"}}],\"inLanguage\":\"de\"},{\"@type\":\"Organization\",\"@id\":\"https:\\\/\\\/essai-armes.fr\\\/de\\\/#organization\",\"name\":\"Essai Armes\",\"url\":\"https:\\\/\\\/essai-armes.fr\\\/de\\\/\",\"logo\":{\"@type\":\"ImageObject\",\"inLanguage\":\"de\",\"@id\":\"https:\\\/\\\/essai-armes.fr\\\/de\\\/#\\\/schema\\\/logo\\\/image\\\/\",\"url\":\"https:\\\/\\\/essai-armes.fr\\\/wp-content\\\/uploads\\\/2023\\\/06\\\/logo.png\",\"contentUrl\":\"https:\\\/\\\/essai-armes.fr\\\/wp-content\\\/uploads\\\/2023\\\/06\\\/logo.png\",\"width\":624,\"height\":489,\"caption\":\"Essai Armes\"},\"image\":{\"@id\":\"https:\\\/\\\/essai-armes.fr\\\/de\\\/#\\\/schema\\\/logo\\\/image\\\/\"}},{\"@type\":\"Person\",\"@id\":\"https:\\\/\\\/essai-armes.fr\\\/de\\\/#\\\/schema\\\/person\\\/3ee005425b0b49de03b99036963c456d\",\"name\":\"Damien\",\"image\":{\"@type\":\"ImageObject\",\"inLanguage\":\"de\",\"@id\":\"https:\\\/\\\/secure.gravatar.com\\\/avatar\\\/ce38768ebaf5d044c623efd7ff10a6ad2e1bf4f59b1039f5295b8e35e82bb447?s=96&d=mm&r=g\",\"url\":\"https:\\\/\\\/secure.gravatar.com\\\/avatar\\\/ce38768ebaf5d044c623efd7ff10a6ad2e1bf4f59b1039f5295b8e35e82bb447?s=96&d=mm&r=g\",\"contentUrl\":\"https:\\\/\\\/secure.gravatar.com\\\/avatar\\\/ce38768ebaf5d044c623efd7ff10a6ad2e1bf4f59b1039f5295b8e35e82bb447?s=96&d=mm&r=g\",\"caption\":\"Damien\"},\"url\":\"https:\\\/\\\/essai-armes.fr\\\/de\\\/author\\\/damien\\\/\"}]}<\/script>\n<!-- \/ Yoast SEO plugin. -->","yoast_head_json":{"title":"Qui est le chef des arm\u00e9es en France : r\u00f4le et pr\u00e9rogatives - Essai Armes","robots":{"index":"index","follow":"follow","max-snippet":"max-snippet:-1","max-image-preview":"max-image-preview:large","max-video-preview":"max-video-preview:-1"},"canonical":"https:\/\/essai-armes.fr\/de\/qui-est-chef-armees-france-role-prerogatives\/","og_locale":"de_DE","og_type":"article","og_title":"Qui est le chef des arm\u00e9es en France : r\u00f4le et pr\u00e9rogatives - Essai Armes","og_description":"L&rsquo;article en bref L&rsquo;organisation du commandement militaire fran\u00e7ais repose sur une hi\u00e9rarchie constitutionnelle claire et efficace. Le Pr\u00e9sident de la R\u00e9publique est le chef des arm\u00e9es selon l&rsquo;article 15 de la Constitution, d\u00e9tenant le pouvoir d\u00e9cisionnel sur la force nucl\u00e9aire. Le Premier ministre assure la responsabilit\u00e9 de la d\u00e9fense nationale et coordonne l&rsquo;action gouvernementale en ... Weiterlesen ...","og_url":"https:\/\/essai-armes.fr\/de\/qui-est-chef-armees-france-role-prerogatives\/","og_site_name":"Essai Armes","article_published_time":"2025-04-05T00:10:23+00:00","og_image":[{"width":1344,"height":896,"url":"https:\/\/essai-armes.fr\/wp-content\/uploads\/2025\/04\/le_president_chef_militaire_4193.jpg","type":"image\/jpeg"}],"author":"Damien","twitter_card":"summary_large_image","twitter_misc":{"Verfasst von":"Damien","Gesch\u00e4tzte Lesezeit":"6\u00a0Minuten"},"schema":{"@context":"https:\/\/schema.org","@graph":[{"@type":"Article","@id":"https:\/\/essai-armes.fr\/de\/qui-est-chef-armees-france-role-prerogatives\/#article","isPartOf":{"@id":"https:\/\/essai-armes.fr\/de\/qui-est-chef-armees-france-role-prerogatives\/"},"author":{"name":"Damien","@id":"https:\/\/essai-armes.fr\/de\/#\/schema\/person\/3ee005425b0b49de03b99036963c456d"},"headline":"Qui est le chef des arm\u00e9es en France : r\u00f4le et pr\u00e9rogatives","datePublished":"2025-04-05T00:10:23+00:00","mainEntityOfPage":{"@id":"https:\/\/essai-armes.fr\/de\/qui-est-chef-armees-france-role-prerogatives\/"},"wordCount":1205,"commentCount":0,"publisher":{"@id":"https:\/\/essai-armes.fr\/de\/#organization"},"image":{"@id":"https:\/\/essai-armes.fr\/de\/qui-est-chef-armees-france-role-prerogatives\/#primaryimage"},"thumbnailUrl":"https:\/\/essai-armes.fr\/wp-content\/uploads\/2025\/04\/le_president_chef_militaire_4193.jpg","articleSection":["Blog"],"inLanguage":"de","potentialAction":[{"@type":"CommentAction","name":"Comment","target":["https:\/\/essai-armes.fr\/de\/qui-est-chef-armees-france-role-prerogatives\/#respond"]}]},{"@type":"WebPage","@id":"https:\/\/essai-armes.fr\/de\/qui-est-chef-armees-france-role-prerogatives\/","url":"https:\/\/essai-armes.fr\/de\/qui-est-chef-armees-france-role-prerogatives\/","name":"Qui est le chef des arm\u00e9es en France : r\u00f4le et pr\u00e9rogatives - Essai Armes","isPartOf":{"@id":"https:\/\/essai-armes.fr\/de\/#website"},"primaryImageOfPage":{"@id":"https:\/\/essai-armes.fr\/de\/qui-est-chef-armees-france-role-prerogatives\/#primaryimage"},"image":{"@id":"https:\/\/essai-armes.fr\/de\/qui-est-chef-armees-france-role-prerogatives\/#primaryimage"},"thumbnailUrl":"https:\/\/essai-armes.fr\/wp-content\/uploads\/2025\/04\/le_president_chef_militaire_4193.jpg","datePublished":"2025-04-05T00:10:23+00:00","breadcrumb":{"@id":"https:\/\/essai-armes.fr\/de\/qui-est-chef-armees-france-role-prerogatives\/#breadcrumb"},"inLanguage":"de","potentialAction":[{"@type":"ReadAction","target":["https:\/\/essai-armes.fr\/de\/qui-est-chef-armees-france-role-prerogatives\/"]}]},{"@type":"ImageObject","inLanguage":"de","@id":"https:\/\/essai-armes.fr\/de\/qui-est-chef-armees-france-role-prerogatives\/#primaryimage","url":"https:\/\/essai-armes.fr\/wp-content\/uploads\/2025\/04\/le_president_chef_militaire_4193.jpg","contentUrl":"https:\/\/essai-armes.fr\/wp-content\/uploads\/2025\/04\/le_president_chef_militaire_4193.jpg","width":1344,"height":896,"caption":"Qui est le chef des arm\u00e9es en France : r\u00f4le et pr\u00e9rogatives"},{"@type":"BreadcrumbList","@id":"https:\/\/essai-armes.fr\/de\/qui-est-chef-armees-france-role-prerogatives\/#breadcrumb","itemListElement":[{"@type":"ListItem","position":1,"name":"Accueil","item":"https:\/\/essai-armes.fr\/"},{"@type":"ListItem","position":2,"name":"Qui est le chef des arm\u00e9es en France : r\u00f4le et pr\u00e9rogatives"}]},{"@type":"WebSite","@id":"https:\/\/essai-armes.fr\/de\/#website","url":"https:\/\/essai-armes.fr\/de\/","name":"Waffen-Test","description":"","publisher":{"@id":"https:\/\/essai-armes.fr\/de\/#organization"},"potentialAction":[{"@type":"SearchAction","target":{"@type":"EntryPoint","urlTemplate":"https:\/\/essai-armes.fr\/de\/?s={search_term_string}"},"query-input":{"@type":"PropertyValueSpecification","valueRequired":true,"valueName":"search_term_string"}}],"inLanguage":"de"},{"@type":"Organization","@id":"https:\/\/essai-armes.fr\/de\/#organization","name":"Waffen-Test","url":"https:\/\/essai-armes.fr\/de\/","logo":{"@type":"ImageObject","inLanguage":"de","@id":"https:\/\/essai-armes.fr\/de\/#\/schema\/logo\/image\/","url":"https:\/\/essai-armes.fr\/wp-content\/uploads\/2023\/06\/logo.png","contentUrl":"https:\/\/essai-armes.fr\/wp-content\/uploads\/2023\/06\/logo.png","width":624,"height":489,"caption":"Essai Armes"},"image":{"@id":"https:\/\/essai-armes.fr\/de\/#\/schema\/logo\/image\/"}},{"@type":"Person","@id":"https:\/\/essai-armes.fr\/de\/#\/schema\/person\/3ee005425b0b49de03b99036963c456d","name":"Damien","image":{"@type":"ImageObject","inLanguage":"de","@id":"https:\/\/secure.gravatar.com\/avatar\/ce38768ebaf5d044c623efd7ff10a6ad2e1bf4f59b1039f5295b8e35e82bb447?s=96&d=mm&r=g","url":"https:\/\/secure.gravatar.com\/avatar\/ce38768ebaf5d044c623efd7ff10a6ad2e1bf4f59b1039f5295b8e35e82bb447?s=96&d=mm&r=g","contentUrl":"https:\/\/secure.gravatar.com\/avatar\/ce38768ebaf5d044c623efd7ff10a6ad2e1bf4f59b1039f5295b8e35e82bb447?s=96&d=mm&r=g","caption":"Damien"},"url":"https:\/\/essai-armes.fr\/de\/author\/damien\/"}]}},"_links":{"self":[{"href":"https:\/\/essai-armes.fr\/de\/wp-json\/wp\/v2\/posts\/2328","targetHints":{"allow":["GET"]}}],"collection":[{"href":"https:\/\/essai-armes.fr\/de\/wp-json\/wp\/v2\/posts"}],"about":[{"href":"https:\/\/essai-armes.fr\/de\/wp-json\/wp\/v2\/types\/post"}],"author":[{"embeddable":true,"href":"https:\/\/essai-armes.fr\/de\/wp-json\/wp\/v2\/users\/2"}],"replies":[{"embeddable":true,"href":"https:\/\/essai-armes.fr\/de\/wp-json\/wp\/v2\/comments?post=2328"}],"version-history":[{"count":1,"href":"https:\/\/essai-armes.fr\/de\/wp-json\/wp\/v2\/posts\/2328\/revisions"}],"predecessor-version":[{"id":2338,"href":"https:\/\/essai-armes.fr\/de\/wp-json\/wp\/v2\/posts\/2328\/revisions\/2338"}],"wp:featuredmedia":[{"embeddable":true,"href":"https:\/\/essai-armes.fr\/de\/wp-json\/wp\/v2\/media\/2327"}],"wp:attachment":[{"href":"https:\/\/essai-armes.fr\/de\/wp-json\/wp\/v2\/media?parent=2328"}],"wp:term":[{"taxonomy":"category","embeddable":true,"href":"https:\/\/essai-armes.fr\/de\/wp-json\/wp\/v2\/categories?post=2328"},{"taxonomy":"post_tag","embeddable":true,"href":"https:\/\/essai-armes.fr\/de\/wp-json\/wp\/v2\/tags?post=2328"}],"curies":[{"name":"wp","href":"https:\/\/api.w.org\/{rel}","templated":true}]}}